{"id":16378,"date":"2024-03-12T15:25:16","date_gmt":"2024-03-12T14:25:16","guid":{"rendered":"https:\/\/petitmagellan.com\/?p=16378"},"modified":"2024-03-12T15:25:16","modified_gmt":"2024-03-12T14:25:16","slug":"comme-une-grande","status":"publish","type":"post","link":"https:\/\/petitmagellan.com\/?p=16378","title":{"rendered":"Comme une grande"},"content":{"rendered":"\n<p>Quelques jours apr\u00e8s ses 7 mois, Daphn\u00e9 est pass\u00e9e de sa nacelle de b\u00e9b\u00e9 \u00e0 la poussette normale. Elle ne bouge pas et adore tout regarder \ud83d\ude42<\/p>\n\n\n\n<figure class=\"wp-block-gallery has-nested-images columns-default is-cropped wp-block-gallery-1 is-layout-flex wp-block-gallery-is-layout-flex\">\n<figure class=\"wp-block-image size-large\"><img loading=\"lazy\" decoding=\"async\" width=\"768\" height=\"1024\" data-id=\"16381\" src=\"https:\/\/petitmagellan.com\/wp-content\/uploads\/2024\/03\/IMG_9305-1-768x1024.jpeg\" alt=\"\" class=\"wp-image-16381\" srcset=\"https:\/\/petitmagellan.com\/wp-content\/uploads\/2024\/03\/IMG_9305-1-768x1024.jpeg 768w, https:\/\/petitmagellan.com\/wp-content\/uploads\/2024\/03\/IMG_9305-1-225x300.jpeg 225w, https:\/\/petitmagellan.com\/wp-content\/uploads\/2024\/03\/IMG_9305-1-1152x1536.jpeg 1152w, https:\/\/petitmagellan.com\/wp-content\/uploads\/2024\/03\/IMG_9305-1-1536x2048.jpeg 1536w, https:\/\/petitmagellan.com\/wp-content\/uploads\/2024\/03\/IMG_9305-1-1200x1600.jpeg 1200w, https:\/\/petitmagellan.com\/wp-content\/uploads\/2024\/03\/IMG_9305-1-scaled.jpeg 1920w\" sizes=\"auto, (max-width: 709px) 85vw, (max-width: 909px) 67vw, (max-width: 984px) 61vw, (max-width: 1362px) 45vw, 600px\" \/><\/figure>\n\n\n\n<figure class=\"wp-block-image size-large\"><img loading=\"lazy\" decoding=\"async\" width=\"768\" height=\"1024\" data-id=\"16382\" src=\"https:\/\/petitmagellan.com\/wp-content\/uploads\/2024\/03\/IMG_9420-768x1024.jpeg\" alt=\"\" class=\"wp-image-16382\" srcset=\"https:\/\/petitmagellan.com\/wp-content\/uploads\/2024\/03\/IMG_9420-768x1024.jpeg 768w, https:\/\/petitmagellan.com\/wp-content\/uploads\/2024\/03\/IMG_9420-225x300.jpeg 225w, https:\/\/petitmagellan.com\/wp-content\/uploads\/2024\/03\/IMG_9420-1152x1536.jpeg 1152w, https:\/\/petitmagellan.com\/wp-content\/uploads\/2024\/03\/IMG_9420-1536x2048.jpeg 1536w, https:\/\/petitmagellan.com\/wp-content\/uploads\/2024\/03\/IMG_9420-1200x1600.jpeg 1200w, https:\/\/petitmagellan.com\/wp-content\/uploads\/2024\/03\/IMG_9420-scaled.jpeg 1920w\" sizes=\"auto, (max-width: 709px) 85vw, (max-width: 909px) 67vw, (max-width: 984px) 61vw, (max-width: 1362px) 45vw, 600px\" \/><\/figure>\n<\/figure>\n","protected":false},"excerpt":{"rendered":"<p>Quelques jours apr\u00e8s ses 7 mois, Daphn\u00e9 est pass\u00e9e de sa nacelle de b\u00e9b\u00e9 \u00e0 la poussette normale. Elle ne bouge pas et adore tout regarder \ud83d\ude42<\/p>\n","protected":false},"author":1,"featured_media":0,"comment_status":"open","ping_status":"closed","sticky":false,"template":"","format":"standard","meta":{"footnotes":""},"categories":[2],"tags":[],"class_list":["post-16378","post","type-post","status-publish","format-standard","hentry","category-non-classe"],"_links":{"self":[{"href":"https:\/\/petitmagellan.com\/index.php?rest_route=\/wp\/v2\/posts\/16378","targetHints":{"allow":["GET"]}}],"collection":[{"href":"https:\/\/petitmagellan.com\/index.php?rest_route=\/wp\/v2\/posts"}],"about":[{"href":"https:\/\/petitmagellan.com\/index.php?rest_route=\/wp\/v2\/types\/post"}],"author":[{"embeddable":true,"href":"https:\/\/petitmagellan.com\/index.php?rest_route=\/wp\/v2\/users\/1"}],"replies":[{"embeddable":true,"href":"https:\/\/petitmagellan.com\/index.php?rest_route=%2Fwp%2Fv2%2Fcomments&post=16378"}],"version-history":[{"count":2,"href":"https:\/\/petitmagellan.com\/index.php?rest_route=\/wp\/v2\/posts\/16378\/revisions"}],"predecessor-version":[{"id":16383,"href":"https:\/\/petitmagellan.com\/index.php?rest_route=\/wp\/v2\/posts\/16378\/revisions\/16383"}],"wp:attachment":[{"href":"https:\/\/petitmagellan.com\/index.php?rest_route=%2Fwp%2Fv2%2Fmedia&parent=16378"}],"wp:term":[{"taxonomy":"category","embeddable":true,"href":"https:\/\/petitmagellan.com\/index.php?rest_route=%2Fwp%2Fv2%2Fcategories&post=16378"},{"taxonomy":"post_tag","embeddable":true,"href":"https:\/\/petitmagellan.com\/index.php?rest_route=%2Fwp%2Fv2%2Ftags&post=16378"}],"curies":[{"name":"wp","href":"https:\/\/api.w.org\/{rel}","templated":true}]}}