{"id":16291,"date":"2024-06-22T15:39:23","date_gmt":"2024-06-22T13:39:23","guid":{"rendered":"https:\/\/petitmagellan.com\/?p=16291"},"modified":"2024-06-22T15:39:23","modified_gmt":"2024-06-22T13:39:23","slug":"le-langage-darmand","status":"publish","type":"post","link":"https:\/\/petitmagellan.com\/?p=16291","title":{"rendered":"Le langage d\u2019Armand"},"content":{"rendered":"\n<p>Depuis les vacances de No\u00ebl o\u00f9 les choses ont enfin d\u00e9coll\u00e9 c\u00f4t\u00e9 langage, Armand nous surprend et nous fait rire avec sa prononciation et ses expressions\u2026 Quelques exemples :<\/p>\n\n\n\n<ul class=\"wp-block-list\">\n<li>\u00ab&nbsp;Mafinine&nbsp;\u00bb : magnifique<\/li>\n\n\n\n<li>\u00ab&nbsp;Vivi pas&nbsp;\u00bb : j\u2019y arrive pas<\/li>\n\n\n\n<li>\u00ab&nbsp;Papalou&nbsp;\u00bb : pantalon<\/li>\n\n\n\n<li>\u00ab&nbsp;Peuleuze&nbsp;\u00bb : puzzle<\/li>\n\n\n\n<li>\u00ab&nbsp;Ouite&nbsp;\u00bb : vite<\/li>\n\n\n\n<li>\u00ab&nbsp;Cocofiche&nbsp;\u00bb : je m\u2019en fiche<\/li>\n\n\n\n<li>\u00ab\u00a0\u00c9cago \u00bb : escargot<\/li>\n\n\n\n<li>\u00ab&nbsp;Dapheun\u00e9&nbsp;\u00bb : Daphn\u00e9<\/li>\n\n\n\n<li>&nbsp;\u00ab&nbsp;D\u00e9f\u00e9none&nbsp;\u00bb : t\u00e9l\u00e9phone <\/li>\n\n\n\n<li>quelque chose qui ressemble \u00e0 \u00ab&nbsp;chucle&nbsp;\u00bb pour \u00ab&nbsp;sucre&nbsp;\u00bb<\/li>\n\n\n\n<li>\u00ab\u00a0Voitute\u00a0\u00bb : voiture<\/li>\n\n\n\n<li>\u00ab\u00a0Amand je j\u2019aime\u00a0\u00bb : pour dire \u00ab\u00a0j\u2019aime\u00a0\u00bb<\/li>\n<\/ul>\n\n\n\n<figure class=\"wp-block-gallery has-nested-images columns-default is-cropped wp-block-gallery-1 is-layout-flex wp-block-gallery-is-layout-flex\">\n<figure class=\"wp-block-image size-large\"><img loading=\"lazy\" decoding=\"async\" width=\"1024\" height=\"768\" data-id=\"16262\" src=\"https:\/\/petitmagellan.com\/wp-content\/uploads\/2024\/02\/IMG_0610-1024x768.jpeg\" alt=\"\" class=\"wp-image-16262\" srcset=\"https:\/\/petitmagellan.com\/wp-content\/uploads\/2024\/02\/IMG_0610-1024x768.jpeg 1024w, https:\/\/petitmagellan.com\/wp-content\/uploads\/2024\/02\/IMG_0610-300x225.jpeg 300w, https:\/\/petitmagellan.com\/wp-content\/uploads\/2024\/02\/IMG_0610-768x576.jpeg 768w, https:\/\/petitmagellan.com\/wp-content\/uploads\/2024\/02\/IMG_0610-1536x1152.jpeg 1536w, https:\/\/petitmagellan.com\/wp-content\/uploads\/2024\/02\/IMG_0610-2048x1536.jpeg 2048w, https:\/\/petitmagellan.com\/wp-content\/uploads\/2024\/02\/IMG_0610-1200x900.jpeg 1200w\" sizes=\"auto, (max-width: 709px) 85vw, (max-width: 909px) 67vw, (max-width: 1362px) 62vw, 840px\" \/><\/figure>\n<\/figure>\n","protected":false},"excerpt":{"rendered":"<p>Depuis les vacances de No\u00ebl o\u00f9 les choses ont enfin d\u00e9coll\u00e9 c\u00f4t\u00e9 langage, Armand nous surprend et nous fait rire avec sa prononciation et ses expressions\u2026 Quelques exemples :<\/p>\n","protected":false},"author":1,"featured_media":0,"comment_status":"open","ping_status":"closed","sticky":false,"template":"","format":"standard","meta":{"footnotes":""},"categories":[2],"tags":[],"class_list":["post-16291","post","type-post","status-publish","format-standard","hentry","category-non-classe"],"_links":{"self":[{"href":"https:\/\/petitmagellan.com\/index.php?rest_route=\/wp\/v2\/posts\/16291","targetHints":{"allow":["GET"]}}],"collection":[{"href":"https:\/\/petitmagellan.com\/index.php?rest_route=\/wp\/v2\/posts"}],"about":[{"href":"https:\/\/petitmagellan.com\/index.php?rest_route=\/wp\/v2\/types\/post"}],"author":[{"embeddable":true,"href":"https:\/\/petitmagellan.com\/index.php?rest_route=\/wp\/v2\/users\/1"}],"replies":[{"embeddable":true,"href":"https:\/\/petitmagellan.com\/index.php?rest_route=%2Fwp%2Fv2%2Fcomments&post=16291"}],"version-history":[{"count":10,"href":"https:\/\/petitmagellan.com\/index.php?rest_route=\/wp\/v2\/posts\/16291\/revisions"}],"predecessor-version":[{"id":17253,"href":"https:\/\/petitmagellan.com\/index.php?rest_route=\/wp\/v2\/posts\/16291\/revisions\/17253"}],"wp:attachment":[{"href":"https:\/\/petitmagellan.com\/index.php?rest_route=%2Fwp%2Fv2%2Fmedia&parent=16291"}],"wp:term":[{"taxonomy":"category","embeddable":true,"href":"https:\/\/petitmagellan.com\/index.php?rest_route=%2Fwp%2Fv2%2Fcategories&post=16291"},{"taxonomy":"post_tag","embeddable":true,"href":"https:\/\/petitmagellan.com\/index.php?rest_route=%2Fwp%2Fv2%2Ftags&post=16291"}],"curies":[{"name":"wp","href":"https:\/\/api.w.org\/{rel}","templated":true}]}}