{"id":16030,"date":"2023-12-12T15:42:12","date_gmt":"2023-12-12T14:42:12","guid":{"rendered":"https:\/\/petitmagellan.com\/?p=16030"},"modified":"2023-12-12T15:42:12","modified_gmt":"2023-12-12T14:42:12","slug":"le-8-decembre-2","status":"publish","type":"post","link":"https:\/\/petitmagellan.com\/?p=16030","title":{"rendered":"Le 8 d\u00e9cembre"},"content":{"rendered":"\n<p>Pas de f\u00eate des Lumi\u00e8res pour nous cette ann\u00e9e mais les lumignons \u00e9taient \u00e0 la fen\u00eatre.<\/p>\n\n\n\n<figure class=\"wp-block-gallery has-nested-images columns-default is-cropped wp-block-gallery-1 is-layout-flex wp-block-gallery-is-layout-flex\">\n<figure class=\"wp-block-image size-large\"><img loading=\"lazy\" decoding=\"async\" width=\"768\" height=\"1024\" data-id=\"16031\" src=\"https:\/\/petitmagellan.com\/wp-content\/uploads\/2023\/12\/IMG_7432-768x1024.jpeg\" alt=\"\" class=\"wp-image-16031\" srcset=\"https:\/\/petitmagellan.com\/wp-content\/uploads\/2023\/12\/IMG_7432-768x1024.jpeg 768w, https:\/\/petitmagellan.com\/wp-content\/uploads\/2023\/12\/IMG_7432-225x300.jpeg 225w, https:\/\/petitmagellan.com\/wp-content\/uploads\/2023\/12\/IMG_7432-1152x1536.jpeg 1152w, https:\/\/petitmagellan.com\/wp-content\/uploads\/2023\/12\/IMG_7432-1536x2048.jpeg 1536w, https:\/\/petitmagellan.com\/wp-content\/uploads\/2023\/12\/IMG_7432-1200x1600.jpeg 1200w, https:\/\/petitmagellan.com\/wp-content\/uploads\/2023\/12\/IMG_7432-scaled.jpeg 1920w\" sizes=\"auto, (max-width: 709px) 85vw, (max-width: 909px) 67vw, (max-width: 984px) 61vw, (max-width: 1362px) 45vw, 600px\" \/><\/figure>\n\n\n\n<figure class=\"wp-block-image size-large\"><img loading=\"lazy\" decoding=\"async\" width=\"768\" height=\"1024\" data-id=\"16032\" src=\"https:\/\/petitmagellan.com\/wp-content\/uploads\/2023\/12\/IMG_7435-768x1024.jpeg\" alt=\"\" class=\"wp-image-16032\" srcset=\"https:\/\/petitmagellan.com\/wp-content\/uploads\/2023\/12\/IMG_7435-768x1024.jpeg 768w, https:\/\/petitmagellan.com\/wp-content\/uploads\/2023\/12\/IMG_7435-225x300.jpeg 225w, https:\/\/petitmagellan.com\/wp-content\/uploads\/2023\/12\/IMG_7435-1152x1536.jpeg 1152w, https:\/\/petitmagellan.com\/wp-content\/uploads\/2023\/12\/IMG_7435-1536x2048.jpeg 1536w, https:\/\/petitmagellan.com\/wp-content\/uploads\/2023\/12\/IMG_7435-1200x1600.jpeg 1200w, https:\/\/petitmagellan.com\/wp-content\/uploads\/2023\/12\/IMG_7435-scaled.jpeg 1920w\" sizes=\"auto, (max-width: 709px) 85vw, (max-width: 909px) 67vw, (max-width: 984px) 61vw, (max-width: 1362px) 45vw, 600px\" \/><\/figure>\n<\/figure>\n","protected":false},"excerpt":{"rendered":"<p>Pas de f\u00eate des Lumi\u00e8res pour nous cette ann\u00e9e mais les lumignons \u00e9taient \u00e0 la fen\u00eatre.<\/p>\n","protected":false},"author":1,"featured_media":0,"comment_status":"open","ping_status":"closed","sticky":false,"template":"","format":"standard","meta":{"footnotes":""},"categories":[2],"tags":[],"class_list":["post-16030","post","type-post","status-publish","format-standard","hentry","category-non-classe"],"_links":{"self":[{"href":"https:\/\/petitmagellan.com\/index.php?rest_route=\/wp\/v2\/posts\/16030","targetHints":{"allow":["GET"]}}],"collection":[{"href":"https:\/\/petitmagellan.com\/index.php?rest_route=\/wp\/v2\/posts"}],"about":[{"href":"https:\/\/petitmagellan.com\/index.php?rest_route=\/wp\/v2\/types\/post"}],"author":[{"embeddable":true,"href":"https:\/\/petitmagellan.com\/index.php?rest_route=\/wp\/v2\/users\/1"}],"replies":[{"embeddable":true,"href":"https:\/\/petitmagellan.com\/index.php?rest_route=%2Fwp%2Fv2%2Fcomments&post=16030"}],"version-history":[{"count":1,"href":"https:\/\/petitmagellan.com\/index.php?rest_route=\/wp\/v2\/posts\/16030\/revisions"}],"predecessor-version":[{"id":16033,"href":"https:\/\/petitmagellan.com\/index.php?rest_route=\/wp\/v2\/posts\/16030\/revisions\/16033"}],"wp:attachment":[{"href":"https:\/\/petitmagellan.com\/index.php?rest_route=%2Fwp%2Fv2%2Fmedia&parent=16030"}],"wp:term":[{"taxonomy":"category","embeddable":true,"href":"https:\/\/petitmagellan.com\/index.php?rest_route=%2Fwp%2Fv2%2Fcategories&post=16030"},{"taxonomy":"post_tag","embeddable":true,"href":"https:\/\/petitmagellan.com\/index.php?rest_route=%2Fwp%2Fv2%2Ftags&post=16030"}],"curies":[{"name":"wp","href":"https:\/\/api.w.org\/{rel}","templated":true}]}}