{"id":15833,"date":"2023-11-10T14:29:23","date_gmt":"2023-11-10T13:29:23","guid":{"rendered":"https:\/\/petitmagellan.com\/?p=15833"},"modified":"2023-11-10T14:29:23","modified_gmt":"2023-11-10T13:29:23","slug":"4-ans-et-demi","status":"publish","type":"post","link":"https:\/\/petitmagellan.com\/?p=15833","title":{"rendered":"4 ans et demi"},"content":{"rendered":"\n<p>Notre grand Hugo \u2764\ufe0f<\/p>\n\n\n\n<figure class=\"wp-block-gallery has-nested-images columns-default is-cropped wp-block-gallery-1 is-layout-flex wp-block-gallery-is-layout-flex\">\n<figure class=\"wp-block-image size-large\"><img loading=\"lazy\" decoding=\"async\" width=\"768\" height=\"1024\" data-id=\"15836\" src=\"https:\/\/petitmagellan.com\/wp-content\/uploads\/2023\/11\/IMG_6801-768x1024.jpeg\" alt=\"\" class=\"wp-image-15836\" srcset=\"https:\/\/petitmagellan.com\/wp-content\/uploads\/2023\/11\/IMG_6801-768x1024.jpeg 768w, https:\/\/petitmagellan.com\/wp-content\/uploads\/2023\/11\/IMG_6801-225x300.jpeg 225w, https:\/\/petitmagellan.com\/wp-content\/uploads\/2023\/11\/IMG_6801-1152x1536.jpeg 1152w, https:\/\/petitmagellan.com\/wp-content\/uploads\/2023\/11\/IMG_6801-1536x2048.jpeg 1536w, https:\/\/petitmagellan.com\/wp-content\/uploads\/2023\/11\/IMG_6801-1200x1600.jpeg 1200w, https:\/\/petitmagellan.com\/wp-content\/uploads\/2023\/11\/IMG_6801-scaled.jpeg 1920w\" sizes=\"auto, (max-width: 709px) 85vw, (max-width: 909px) 67vw, (max-width: 984px) 61vw, (max-width: 1362px) 45vw, 600px\" \/><\/figure>\n\n\n\n<figure class=\"wp-block-image size-large\"><img loading=\"lazy\" decoding=\"async\" width=\"768\" height=\"1024\" data-id=\"15835\" src=\"https:\/\/petitmagellan.com\/wp-content\/uploads\/2023\/11\/IMG_6802-768x1024.jpeg\" alt=\"\" class=\"wp-image-15835\" srcset=\"https:\/\/petitmagellan.com\/wp-content\/uploads\/2023\/11\/IMG_6802-768x1024.jpeg 768w, https:\/\/petitmagellan.com\/wp-content\/uploads\/2023\/11\/IMG_6802-225x300.jpeg 225w, https:\/\/petitmagellan.com\/wp-content\/uploads\/2023\/11\/IMG_6802-1152x1536.jpeg 1152w, https:\/\/petitmagellan.com\/wp-content\/uploads\/2023\/11\/IMG_6802-1536x2048.jpeg 1536w, https:\/\/petitmagellan.com\/wp-content\/uploads\/2023\/11\/IMG_6802-1200x1600.jpeg 1200w, https:\/\/petitmagellan.com\/wp-content\/uploads\/2023\/11\/IMG_6802-scaled.jpeg 1920w\" sizes=\"auto, (max-width: 709px) 85vw, (max-width: 909px) 67vw, (max-width: 984px) 61vw, (max-width: 1362px) 45vw, 600px\" \/><\/figure>\n<\/figure>\n\n\n\n<p>Un peu l\u2019impression d\u2019avoir un ado \u00e0 la maison parfois, pas mal de provocations de sa part et de r\u00e9pondant !! Il faut s\u2019accrocher ! Il se filme et se prend en photo avec mon t\u00e9l\u00e9phone, n\u2019a pas du tout peur de la vitesse (en trottinette haha, je ne pr\u00e9f\u00e8re m\u00eame pas penser \u00e0 la voiture un jour), ne veut manger que des p\u00e2tes et du sucre, me hurle dessus\u2026 la liste est longue. Il grandit tellement vite. Est-ce que j\u2019avais d\u00e9j\u00e0 pr\u00e9cis\u00e9 qu\u2019il chausse du 30 ?? \u00c7a fait d\u00e9j\u00e0 un bon moment et \u00e7a m\u2019avait fait un petit choc. <br><br>\u00c0 c\u00f4t\u00e9 de \u00e7a, il est toujours tr\u00e8s c\u00e2lineux, attentionn\u00e9, m\u00e9ticuleux\u2026 Il est curieux, d\u00e9brouillard et veut tout faire tout seul (enfin, sauf quand il faut se pr\u00e9parer le matin pour partir ou le soir pour se coucher\u2026). Il adore aller \u00e0 l\u2019\u00e9cole et je suis heureuse de le voir \u00e9panoui. Chose curieuse toutefois, il est si calme et sage en classe que sa ma\u00eetresse m\u2019a dit qu\u2019elle ne l\u2019entendait quasiment pas parler !! Haha j\u2019ai eu du mal \u00e0 la croire. Les enfants sont vraiment des personnes diff\u00e9rentes \u00e0 la maison et en dehors\u2026<\/p>\n\n\n\n<p>Et puis, ses petites phrases\/expressions\u2026 il y a de quoi rire ! Entendu derni\u00e8rement :<\/p>\n\n\n\n<ul class=\"wp-block-list\">\n<li>(pendant que je triais mes photos sur mon t\u00e9l\u00e9phone et qu\u2019il \u00e9tait \u00e0 c\u00f4t\u00e9 de moi) : \u00ab\u00a0 franchement t\u2019as un peu trop de photos, c\u2019est \u00e7a le probl\u00e8me\u00a0\u00bb\u00a0<\/li>\n\n\n\n<li>\u00ab\u00a0 je m\u2019occupe un petit peu de travailler\u00a0\u00bb\u00a0<\/li>\n\n\n\n<li>\u00ab\u00a0j\u2019ai pas jou\u00e9 avec les copains, j\u2019ai r\u00e9fl\u00e9chi\u00a0\u00bb<\/li>\n\n\n\n<li>\u00ab\u00a0c\u2019est moyen bon, un peu beaucoup\u00a0\u00bb<\/li>\n\n\n\n<li>(alors que je venais de le f\u00e9liciter car il avait retenu la le\u00e7on suite \u00e0 une b\u00eatise) :\u00a0\u00ab\u00a0oui en plus j\u2019ai retenu mon souffle\u00a0\u00bb<\/li>\n\n\n\n<li>\u00ab\u00a0papa il peut manger des trucs qui piquent avec sa bi\u00e8re\u00a0\u00bb<\/li>\n\n\n\n<li>\u00ab\u00a0est-ce qu\u2019apr\u00e8s le matin il y aura encore l\u2019apr\u00e8s-midi ?\u00a0\u00bb<\/li>\n\n\n\n<li>\u00ab\u00a0papi viens me chercher je suis cach\u00e9 !\u00a0\u00bb (en parlant \u00e0 Armand, qui lui r\u00e9pond : oui papi !)<\/li>\n<\/ul>\n\n\n\n<p>Ce que je pr\u00e9f\u00e8re, c\u2019est quand il appelle son fr\u00e8re et sa s\u0153ur \u00ab\u00a0mon amour\u00a0\u00bb et qu\u2019il nous dit \u00ab\u00a0je t\u2019aime\u00a0\u00bb \u00e0 tout moment de la journ\u00e9e \u2764\ufe0f<\/p>\n\n\n\n<figure class=\"wp-block-gallery has-nested-images columns-default is-cropped wp-block-gallery-2 is-layout-flex wp-block-gallery-is-layout-flex\">\n<figure class=\"wp-block-image size-large\"><img loading=\"lazy\" decoding=\"async\" width=\"768\" height=\"1024\" data-id=\"15857\" src=\"https:\/\/petitmagellan.com\/wp-content\/uploads\/2023\/11\/IMG_6733-1-768x1024.jpeg\" alt=\"\" class=\"wp-image-15857\" srcset=\"https:\/\/petitmagellan.com\/wp-content\/uploads\/2023\/11\/IMG_6733-1-768x1024.jpeg 768w, https:\/\/petitmagellan.com\/wp-content\/uploads\/2023\/11\/IMG_6733-1-225x300.jpeg 225w, https:\/\/petitmagellan.com\/wp-content\/uploads\/2023\/11\/IMG_6733-1-1152x1536.jpeg 1152w, https:\/\/petitmagellan.com\/wp-content\/uploads\/2023\/11\/IMG_6733-1-1536x2048.jpeg 1536w, https:\/\/petitmagellan.com\/wp-content\/uploads\/2023\/11\/IMG_6733-1-1200x1600.jpeg 1200w, https:\/\/petitmagellan.com\/wp-content\/uploads\/2023\/11\/IMG_6733-1-scaled.jpeg 1920w\" sizes=\"auto, (max-width: 709px) 85vw, (max-width: 909px) 67vw, (max-width: 984px) 61vw, (max-width: 1362px) 45vw, 600px\" \/><\/figure>\n<\/figure>\n","protected":false},"excerpt":{"rendered":"<p>Notre grand Hugo \u2764\ufe0f Un peu l\u2019impression d\u2019avoir un ado \u00e0 la maison parfois, pas mal de provocations de sa part et de r\u00e9pondant !! Il faut s\u2019accrocher ! Il se filme et se prend en photo avec mon t\u00e9l\u00e9phone, n\u2019a pas du tout peur de la vitesse (en trottinette haha, je ne pr\u00e9f\u00e8re m\u00eame &hellip; <a href=\"https:\/\/petitmagellan.com\/?p=15833\" class=\"more-link\">Continuer la lecture<span class=\"screen-reader-text\"> de &laquo;&nbsp;4 ans et demi&nbsp;&raquo;<\/span><\/a><\/p>\n","protected":false},"author":1,"featured_media":0,"comment_status":"open","ping_status":"closed","sticky":false,"template":"","format":"standard","meta":{"footnotes":""},"categories":[2],"tags":[],"class_list":["post-15833","post","type-post","status-publish","format-standard","hentry","category-non-classe"],"_links":{"self":[{"href":"https:\/\/petitmagellan.com\/index.php?rest_route=\/wp\/v2\/posts\/15833","targetHints":{"allow":["GET"]}}],"collection":[{"href":"https:\/\/petitmagellan.com\/index.php?rest_route=\/wp\/v2\/posts"}],"about":[{"href":"https:\/\/petitmagellan.com\/index.php?rest_route=\/wp\/v2\/types\/post"}],"author":[{"embeddable":true,"href":"https:\/\/petitmagellan.com\/index.php?rest_route=\/wp\/v2\/users\/1"}],"replies":[{"embeddable":true,"href":"https:\/\/petitmagellan.com\/index.php?rest_route=%2Fwp%2Fv2%2Fcomments&post=15833"}],"version-history":[{"count":20,"href":"https:\/\/petitmagellan.com\/index.php?rest_route=\/wp\/v2\/posts\/15833\/revisions"}],"predecessor-version":[{"id":15858,"href":"https:\/\/petitmagellan.com\/index.php?rest_route=\/wp\/v2\/posts\/15833\/revisions\/15858"}],"wp:attachment":[{"href":"https:\/\/petitmagellan.com\/index.php?rest_route=%2Fwp%2Fv2%2Fmedia&parent=15833"}],"wp:term":[{"taxonomy":"category","embeddable":true,"href":"https:\/\/petitmagellan.com\/index.php?rest_route=%2Fwp%2Fv2%2Fcategories&post=15833"},{"taxonomy":"post_tag","embeddable":true,"href":"https:\/\/petitmagellan.com\/index.php?rest_route=%2Fwp%2Fv2%2Ftags&post=15833"}],"curies":[{"name":"wp","href":"https:\/\/api.w.org\/{rel}","templated":true}]}}