{"id":14926,"date":"2023-07-28T23:31:41","date_gmt":"2023-07-28T21:31:41","guid":{"rendered":"https:\/\/petitmagellan.com\/?p=14926"},"modified":"2023-07-28T23:31:42","modified_gmt":"2023-07-28T21:31:42","slug":"examen-des-2-semaines","status":"publish","type":"post","link":"https:\/\/petitmagellan.com\/?p=14926","title":{"rendered":"Examen des 2 semaines"},"content":{"rendered":"\n<p>Hier, Daphn\u00e9 avait rendez-vous chez le m\u00e9decin pour son examen des deux semaines.<\/p>\n\n\n\n<p>Elle mesure d\u00e9sormais 52 cm, son poids n\u2019avait pas tellement augment\u00e9 depuis  la semaine derni\u00e8re (probl\u00e8me de balance ?) et tout allait globalement tr\u00e8s bien. Et puis elle a \u00e9t\u00e9 super sage pendant toute la consultation, tr\u00e8s gentil b\u00e9b\u00e9 \ud83d\ude42<\/p>\n\n\n\n<figure class=\"wp-block-gallery has-nested-images columns-default is-cropped wp-block-gallery-1 is-layout-flex wp-block-gallery-is-layout-flex\">\n<figure class=\"wp-block-image size-large\"><img loading=\"lazy\" decoding=\"async\" width=\"768\" height=\"1024\" data-id=\"14927\" src=\"https:\/\/petitmagellan.com\/wp-content\/uploads\/2023\/07\/IMG_2867-768x1024.jpeg\" alt=\"\" class=\"wp-image-14927\" srcset=\"https:\/\/petitmagellan.com\/wp-content\/uploads\/2023\/07\/IMG_2867-768x1024.jpeg 768w, https:\/\/petitmagellan.com\/wp-content\/uploads\/2023\/07\/IMG_2867-225x300.jpeg 225w, https:\/\/petitmagellan.com\/wp-content\/uploads\/2023\/07\/IMG_2867-1152x1536.jpeg 1152w, https:\/\/petitmagellan.com\/wp-content\/uploads\/2023\/07\/IMG_2867-1536x2048.jpeg 1536w, https:\/\/petitmagellan.com\/wp-content\/uploads\/2023\/07\/IMG_2867-1200x1600.jpeg 1200w, https:\/\/petitmagellan.com\/wp-content\/uploads\/2023\/07\/IMG_2867-scaled.jpeg 1920w\" sizes=\"auto, (max-width: 709px) 85vw, (max-width: 909px) 67vw, (max-width: 984px) 61vw, (max-width: 1362px) 45vw, 600px\" \/><\/figure>\n<\/figure>\n","protected":false},"excerpt":{"rendered":"<p>Hier, Daphn\u00e9 avait rendez-vous chez le m\u00e9decin pour son examen des deux semaines. Elle mesure d\u00e9sormais 52 cm, son poids n\u2019avait pas tellement augment\u00e9 depuis la semaine derni\u00e8re (probl\u00e8me de balance ?) et tout allait globalement tr\u00e8s bien. Et puis elle a \u00e9t\u00e9 super sage pendant toute la consultation, tr\u00e8s gentil b\u00e9b\u00e9 \ud83d\ude42<\/p>\n","protected":false},"author":1,"featured_media":0,"comment_status":"open","ping_status":"closed","sticky":false,"template":"","format":"standard","meta":{"footnotes":""},"categories":[2],"tags":[],"class_list":["post-14926","post","type-post","status-publish","format-standard","hentry","category-non-classe"],"_links":{"self":[{"href":"https:\/\/petitmagellan.com\/index.php?rest_route=\/wp\/v2\/posts\/14926","targetHints":{"allow":["GET"]}}],"collection":[{"href":"https:\/\/petitmagellan.com\/index.php?rest_route=\/wp\/v2\/posts"}],"about":[{"href":"https:\/\/petitmagellan.com\/index.php?rest_route=\/wp\/v2\/types\/post"}],"author":[{"embeddable":true,"href":"https:\/\/petitmagellan.com\/index.php?rest_route=\/wp\/v2\/users\/1"}],"replies":[{"embeddable":true,"href":"https:\/\/petitmagellan.com\/index.php?rest_route=%2Fwp%2Fv2%2Fcomments&post=14926"}],"version-history":[{"count":1,"href":"https:\/\/petitmagellan.com\/index.php?rest_route=\/wp\/v2\/posts\/14926\/revisions"}],"predecessor-version":[{"id":14928,"href":"https:\/\/petitmagellan.com\/index.php?rest_route=\/wp\/v2\/posts\/14926\/revisions\/14928"}],"wp:attachment":[{"href":"https:\/\/petitmagellan.com\/index.php?rest_route=%2Fwp%2Fv2%2Fmedia&parent=14926"}],"wp:term":[{"taxonomy":"category","embeddable":true,"href":"https:\/\/petitmagellan.com\/index.php?rest_route=%2Fwp%2Fv2%2Fcategories&post=14926"},{"taxonomy":"post_tag","embeddable":true,"href":"https:\/\/petitmagellan.com\/index.php?rest_route=%2Fwp%2Fv2%2Ftags&post=14926"}],"curies":[{"name":"wp","href":"https:\/\/api.w.org\/{rel}","templated":true}]}}