{"id":14552,"date":"2023-06-28T00:00:31","date_gmt":"2023-06-27T22:00:31","guid":{"rendered":"https:\/\/petitmagellan.com\/?p=14552"},"modified":"2023-06-28T00:00:31","modified_gmt":"2023-06-27T22:00:31","slug":"immersion-en-classe","status":"publish","type":"post","link":"https:\/\/petitmagellan.com\/?p=14552","title":{"rendered":"Immersion en classe"},"content":{"rendered":"\n<p>Grand moment pour Armand lundi matin ! Il a enfin pu aller en classe avec son fr\u00e8re \u00e0 l\u2019occasion d\u2019une petite heure d\u2019immersion pour les futurs \u00e9l\u00e8ves de petite section.<\/p>\n\n\n\n<figure class=\"wp-block-gallery has-nested-images columns-default is-cropped wp-block-gallery-1 is-layout-flex wp-block-gallery-is-layout-flex\">\n<figure class=\"wp-block-image size-large\"><img loading=\"lazy\" decoding=\"async\" width=\"768\" height=\"1024\" data-id=\"14554\" src=\"https:\/\/petitmagellan.com\/wp-content\/uploads\/2023\/06\/IMG_1173-768x1024.jpeg\" alt=\"\" class=\"wp-image-14554\" srcset=\"https:\/\/petitmagellan.com\/wp-content\/uploads\/2023\/06\/IMG_1173-768x1024.jpeg 768w, https:\/\/petitmagellan.com\/wp-content\/uploads\/2023\/06\/IMG_1173-225x300.jpeg 225w, https:\/\/petitmagellan.com\/wp-content\/uploads\/2023\/06\/IMG_1173-1152x1536.jpeg 1152w, https:\/\/petitmagellan.com\/wp-content\/uploads\/2023\/06\/IMG_1173-1536x2048.jpeg 1536w, https:\/\/petitmagellan.com\/wp-content\/uploads\/2023\/06\/IMG_1173-1200x1600.jpeg 1200w, https:\/\/petitmagellan.com\/wp-content\/uploads\/2023\/06\/IMG_1173-scaled.jpeg 1920w\" sizes=\"auto, (max-width: 709px) 85vw, (max-width: 909px) 67vw, (max-width: 984px) 61vw, (max-width: 1362px) 45vw, 600px\" \/><\/figure>\n\n\n\n<figure class=\"wp-block-image size-large\"><img loading=\"lazy\" decoding=\"async\" width=\"768\" height=\"1024\" data-id=\"14553\" src=\"https:\/\/petitmagellan.com\/wp-content\/uploads\/2023\/06\/IMG_1180-768x1024.jpeg\" alt=\"\" class=\"wp-image-14553\" srcset=\"https:\/\/petitmagellan.com\/wp-content\/uploads\/2023\/06\/IMG_1180-768x1024.jpeg 768w, https:\/\/petitmagellan.com\/wp-content\/uploads\/2023\/06\/IMG_1180-225x300.jpeg 225w, https:\/\/petitmagellan.com\/wp-content\/uploads\/2023\/06\/IMG_1180-1152x1536.jpeg 1152w, https:\/\/petitmagellan.com\/wp-content\/uploads\/2023\/06\/IMG_1180-1536x2048.jpeg 1536w, https:\/\/petitmagellan.com\/wp-content\/uploads\/2023\/06\/IMG_1180-1200x1600.jpeg 1200w, https:\/\/petitmagellan.com\/wp-content\/uploads\/2023\/06\/IMG_1180-scaled.jpeg 1920w\" sizes=\"auto, (max-width: 709px) 85vw, (max-width: 909px) 67vw, (max-width: 984px) 61vw, (max-width: 1362px) 45vw, 600px\" \/><\/figure>\n<\/figure>\n\n\n\n<p>Il a ador\u00e9 se retrouver avec Hugo et ne voulait pas le quitter. Au moment de l\u2019histoire, ils se sont \u00e9videmment assis l\u2019un \u00e0 c\u00f4t\u00e9 de l\u2019autre et n\u2019ont pas arr\u00eat\u00e9 de se faire des bisous (et de parler, oups). J\u2019ai ador\u00e9 les voir ensemble comme \u00e7a \u2764\ufe0f<\/p>\n\n\n\n<figure class=\"wp-block-gallery has-nested-images columns-default is-cropped wp-block-gallery-2 is-layout-flex wp-block-gallery-is-layout-flex\">\n<figure class=\"wp-block-image size-large\"><img loading=\"lazy\" decoding=\"async\" width=\"768\" height=\"1024\" data-id=\"14556\" src=\"https:\/\/petitmagellan.com\/wp-content\/uploads\/2023\/06\/IMG_1188-768x1024.jpeg\" alt=\"\" class=\"wp-image-14556\" srcset=\"https:\/\/petitmagellan.com\/wp-content\/uploads\/2023\/06\/IMG_1188-768x1024.jpeg 768w, https:\/\/petitmagellan.com\/wp-content\/uploads\/2023\/06\/IMG_1188-225x300.jpeg 225w, https:\/\/petitmagellan.com\/wp-content\/uploads\/2023\/06\/IMG_1188-1152x1536.jpeg 1152w, https:\/\/petitmagellan.com\/wp-content\/uploads\/2023\/06\/IMG_1188-1536x2048.jpeg 1536w, https:\/\/petitmagellan.com\/wp-content\/uploads\/2023\/06\/IMG_1188-1200x1600.jpeg 1200w, https:\/\/petitmagellan.com\/wp-content\/uploads\/2023\/06\/IMG_1188-scaled.jpeg 1920w\" sizes=\"auto, (max-width: 709px) 85vw, (max-width: 909px) 67vw, (max-width: 984px) 61vw, (max-width: 1362px) 45vw, 600px\" \/><\/figure>\n\n\n\n<figure class=\"wp-block-image size-large\"><img loading=\"lazy\" decoding=\"async\" width=\"768\" height=\"1024\" data-id=\"14555\" src=\"https:\/\/petitmagellan.com\/wp-content\/uploads\/2023\/06\/IMG_1189-768x1024.jpeg\" alt=\"\" class=\"wp-image-14555\" srcset=\"https:\/\/petitmagellan.com\/wp-content\/uploads\/2023\/06\/IMG_1189-768x1024.jpeg 768w, https:\/\/petitmagellan.com\/wp-content\/uploads\/2023\/06\/IMG_1189-225x300.jpeg 225w, https:\/\/petitmagellan.com\/wp-content\/uploads\/2023\/06\/IMG_1189-1152x1536.jpeg 1152w, https:\/\/petitmagellan.com\/wp-content\/uploads\/2023\/06\/IMG_1189-1536x2048.jpeg 1536w, https:\/\/petitmagellan.com\/wp-content\/uploads\/2023\/06\/IMG_1189-1200x1600.jpeg 1200w, https:\/\/petitmagellan.com\/wp-content\/uploads\/2023\/06\/IMG_1189-scaled.jpeg 1920w\" sizes=\"auto, (max-width: 709px) 85vw, (max-width: 909px) 67vw, (max-width: 984px) 61vw, (max-width: 1362px) 45vw, 600px\" \/><\/figure>\n<\/figure>\n","protected":false},"excerpt":{"rendered":"<p>Grand moment pour Armand lundi matin ! Il a enfin pu aller en classe avec son fr\u00e8re \u00e0 l\u2019occasion d\u2019une petite heure d\u2019immersion pour les futurs \u00e9l\u00e8ves de petite section. Il a ador\u00e9 se retrouver avec Hugo et ne voulait pas le quitter. Au moment de l\u2019histoire, ils se sont \u00e9videmment assis l\u2019un \u00e0 c\u00f4t\u00e9 &hellip; <a href=\"https:\/\/petitmagellan.com\/?p=14552\" class=\"more-link\">Continuer la lecture<span class=\"screen-reader-text\"> de &laquo;&nbsp;Immersion en classe&nbsp;&raquo;<\/span><\/a><\/p>\n","protected":false},"author":1,"featured_media":0,"comment_status":"open","ping_status":"closed","sticky":false,"template":"","format":"standard","meta":{"footnotes":""},"categories":[2],"tags":[],"class_list":["post-14552","post","type-post","status-publish","format-standard","hentry","category-non-classe"],"_links":{"self":[{"href":"https:\/\/petitmagellan.com\/index.php?rest_route=\/wp\/v2\/posts\/14552","targetHints":{"allow":["GET"]}}],"collection":[{"href":"https:\/\/petitmagellan.com\/index.php?rest_route=\/wp\/v2\/posts"}],"about":[{"href":"https:\/\/petitmagellan.com\/index.php?rest_route=\/wp\/v2\/types\/post"}],"author":[{"embeddable":true,"href":"https:\/\/petitmagellan.com\/index.php?rest_route=\/wp\/v2\/users\/1"}],"replies":[{"embeddable":true,"href":"https:\/\/petitmagellan.com\/index.php?rest_route=%2Fwp%2Fv2%2Fcomments&post=14552"}],"version-history":[{"count":1,"href":"https:\/\/petitmagellan.com\/index.php?rest_route=\/wp\/v2\/posts\/14552\/revisions"}],"predecessor-version":[{"id":14557,"href":"https:\/\/petitmagellan.com\/index.php?rest_route=\/wp\/v2\/posts\/14552\/revisions\/14557"}],"wp:attachment":[{"href":"https:\/\/petitmagellan.com\/index.php?rest_route=%2Fwp%2Fv2%2Fmedia&parent=14552"}],"wp:term":[{"taxonomy":"category","embeddable":true,"href":"https:\/\/petitmagellan.com\/index.php?rest_route=%2Fwp%2Fv2%2Fcategories&post=14552"},{"taxonomy":"post_tag","embeddable":true,"href":"https:\/\/petitmagellan.com\/index.php?rest_route=%2Fwp%2Fv2%2Ftags&post=14552"}],"curies":[{"name":"wp","href":"https:\/\/api.w.org\/{rel}","templated":true}]}}