{"id":14550,"date":"2023-06-27T23:50:30","date_gmt":"2023-06-27T21:50:30","guid":{"rendered":"https:\/\/petitmagellan.com\/?p=14550"},"modified":"2023-06-27T23:50:30","modified_gmt":"2023-06-27T21:50:30","slug":"rdv-des-2-ans-1-2","status":"publish","type":"post","link":"https:\/\/petitmagellan.com\/?p=14550","title":{"rendered":"RDV des 2 ans 1\/2"},"content":{"rendered":"\n<p>Vendredi dernier, Armand avait rendez-vous chez le m\u00e9decin. Il est rest\u00e9 totalement muet les premi\u00e8res minutes puis s\u2019est ensuite un peu l\u00e2ch\u00e9. Il a bien r\u00e9ussi les petits exercices de motricit\u00e9 et, sans surprise, il n\u2019est pas en avance c\u00f4t\u00e9 langage ; \u00e0 voir comment cela \u00e9voluera \u00e0 la rentr\u00e9e avec l\u2019\u00e9cole !<\/p>\n\n\n\n<p>Sinon tout va bien : il mesure 91,5 cm, dans la moyenne. Pour le poids, il est un peu en dessous de la courbe : on le sait car il est tr\u00e8s fin, et pourtant, qu\u2019est-ce qu\u2019il mange !! Monsieur est svelte comme son fr\u00e8re \ud83d\ude42<\/p>\n\n\n\n<p>Prochain rendez-vous pour les 3 ans et on esp\u00e8re pas avant !<\/p>\n","protected":false},"excerpt":{"rendered":"<p>Vendredi dernier, Armand avait rendez-vous chez le m\u00e9decin. Il est rest\u00e9 totalement muet les premi\u00e8res minutes puis s\u2019est ensuite un peu l\u00e2ch\u00e9. Il a bien r\u00e9ussi les petits exercices de motricit\u00e9 et, sans surprise, il n\u2019est pas en avance c\u00f4t\u00e9 langage ; \u00e0 voir comment cela \u00e9voluera \u00e0 la rentr\u00e9e avec l\u2019\u00e9cole ! Sinon tout &hellip; <a href=\"https:\/\/petitmagellan.com\/?p=14550\" class=\"more-link\">Continuer la lecture<span class=\"screen-reader-text\"> de &laquo;&nbsp;RDV des 2 ans 1\/2&nbsp;&raquo;<\/span><\/a><\/p>\n","protected":false},"author":1,"featured_media":0,"comment_status":"open","ping_status":"closed","sticky":false,"template":"","format":"standard","meta":{"footnotes":""},"categories":[2],"tags":[],"class_list":["post-14550","post","type-post","status-publish","format-standard","hentry","category-non-classe"],"_links":{"self":[{"href":"https:\/\/petitmagellan.com\/index.php?rest_route=\/wp\/v2\/posts\/14550","targetHints":{"allow":["GET"]}}],"collection":[{"href":"https:\/\/petitmagellan.com\/index.php?rest_route=\/wp\/v2\/posts"}],"about":[{"href":"https:\/\/petitmagellan.com\/index.php?rest_route=\/wp\/v2\/types\/post"}],"author":[{"embeddable":true,"href":"https:\/\/petitmagellan.com\/index.php?rest_route=\/wp\/v2\/users\/1"}],"replies":[{"embeddable":true,"href":"https:\/\/petitmagellan.com\/index.php?rest_route=%2Fwp%2Fv2%2Fcomments&post=14550"}],"version-history":[{"count":1,"href":"https:\/\/petitmagellan.com\/index.php?rest_route=\/wp\/v2\/posts\/14550\/revisions"}],"predecessor-version":[{"id":14551,"href":"https:\/\/petitmagellan.com\/index.php?rest_route=\/wp\/v2\/posts\/14550\/revisions\/14551"}],"wp:attachment":[{"href":"https:\/\/petitmagellan.com\/index.php?rest_route=%2Fwp%2Fv2%2Fmedia&parent=14550"}],"wp:term":[{"taxonomy":"category","embeddable":true,"href":"https:\/\/petitmagellan.com\/index.php?rest_route=%2Fwp%2Fv2%2Fcategories&post=14550"},{"taxonomy":"post_tag","embeddable":true,"href":"https:\/\/petitmagellan.com\/index.php?rest_route=%2Fwp%2Fv2%2Ftags&post=14550"}],"curies":[{"name":"wp","href":"https:\/\/api.w.org\/{rel}","templated":true}]}}