{"id":14271,"date":"2023-06-19T19:48:39","date_gmt":"2023-06-19T17:48:39","guid":{"rendered":"https:\/\/petitmagellan.com\/?p=14271"},"modified":"2023-06-19T19:48:39","modified_gmt":"2023-06-19T17:48:39","slug":"sortie-scolaire","status":"publish","type":"post","link":"https:\/\/petitmagellan.com\/?p=14271","title":{"rendered":"Sortie scolaire"},"content":{"rendered":"\n<figure class=\"wp-block-gallery has-nested-images columns-default is-cropped wp-block-gallery-1 is-layout-flex wp-block-gallery-is-layout-flex\">\n<figure class=\"wp-block-image size-large\"><img loading=\"lazy\" decoding=\"async\" width=\"768\" height=\"1024\" data-id=\"14371\" src=\"https:\/\/petitmagellan.com\/wp-content\/uploads\/2023\/06\/IMG_0286-768x1024.jpeg\" alt=\"\" class=\"wp-image-14371\" srcset=\"https:\/\/petitmagellan.com\/wp-content\/uploads\/2023\/06\/IMG_0286-768x1024.jpeg 768w, https:\/\/petitmagellan.com\/wp-content\/uploads\/2023\/06\/IMG_0286-225x300.jpeg 225w, https:\/\/petitmagellan.com\/wp-content\/uploads\/2023\/06\/IMG_0286-1152x1536.jpeg 1152w, https:\/\/petitmagellan.com\/wp-content\/uploads\/2023\/06\/IMG_0286-1536x2048.jpeg 1536w, https:\/\/petitmagellan.com\/wp-content\/uploads\/2023\/06\/IMG_0286-1200x1600.jpeg 1200w, https:\/\/petitmagellan.com\/wp-content\/uploads\/2023\/06\/IMG_0286-scaled.jpeg 1920w\" sizes=\"auto, (max-width: 709px) 85vw, (max-width: 909px) 67vw, (max-width: 984px) 61vw, (max-width: 1362px) 45vw, 600px\" \/><\/figure>\n<\/figure>\n\n\n\n<p>Au mois de mai, Hugo et sa classe ont pass\u00e9 une journ\u00e9e enti\u00e8re au parc de Miribel qui se trouve \u00e0 c\u00f4t\u00e9 de chez nous.<\/p>\n\n\n\n<p>Pour tout le monde, sans doute rien d\u2019extraordinaire, mais pour nous\u2026 c\u2019\u00e9tait la premi\u00e8re fois que nous allions \u00eatre s\u00e9par\u00e9s toute une journ\u00e9e.<\/p>\n\n\n\n<p>Car en temps normal, je r\u00e9cup\u00e8re toujours Hugo le midi et, les deux fois o\u00f9 il est all\u00e9 \u00e0 la cantine, je l\u2019ai r\u00e9cup\u00e9r\u00e9 juste apr\u00e8s \u00e0 13h30. En fait, la seule fois o\u00f9 je ne l\u2019ai pas vu pendant 48h, c\u2019\u00e9tait lorsque j\u2019\u00e9tais \u00e0 la maternit\u00e9 avec Armand en plein covid et que les visites des fratries \u00e9taient interdites.<\/p>\n\n\n\n<p>Autant dire que c\u2019\u00e9tait donc une journ\u00e9e particuli\u00e8re, un peu comme une deuxi\u00e8me rentr\u00e9e\u2026 Mais Hugo \u00e9tait ravi de sa sortie, tout content d\u2019avoir son pique-nique dans son sac-\u00e0-dos, et j\u2019\u00e9tais tr\u00e8s heureuse de le savoir l\u00e0-bas avec toute sa classe.<\/p>\n\n\n\n<p>Depuis, ils ont fait deux autres journ\u00e9es pique-nique : une dans un centre o\u00f9 il m\u2019a racont\u00e9 qu\u2019il avait donn\u00e9 \u00e0 manger \u00e0 une ch\u00e8vre, et une troisi\u00e8me sortie o\u00f9 ils sont all\u00e9s dans les bois accompagn\u00e9s d\u2019une conteuse, et o\u00f9 ils ont construit \u00ab\u00a0des cabanes pour les castors\u00a0\u00bb \ud83d\ude42 Quel bonheur pour les enfants !<\/p>\n\n\n\n<p>Malgr\u00e9 tout, je sais que ces journ\u00e9es ne sont pas anodines pour lui non plus car \u00e0 chaque fois que je lui en annonce une nouvelle, il me r\u00e9pond \u00ab\u00a0mais c\u2019est trop long\u2026 tu me manques\u00a0\u00bb \u2764\ufe0f <\/p>\n","protected":false},"excerpt":{"rendered":"<p>Au mois de mai, Hugo et sa classe ont pass\u00e9 une journ\u00e9e enti\u00e8re au parc de Miribel qui se trouve \u00e0 c\u00f4t\u00e9 de chez nous. Pour tout le monde, sans doute rien d\u2019extraordinaire, mais pour nous\u2026 c\u2019\u00e9tait la premi\u00e8re fois que nous allions \u00eatre s\u00e9par\u00e9s toute une journ\u00e9e. Car en temps normal, je r\u00e9cup\u00e8re toujours &hellip; <a href=\"https:\/\/petitmagellan.com\/?p=14271\" class=\"more-link\">Continuer la lecture<span class=\"screen-reader-text\"> de &laquo;&nbsp;Sortie scolaire&nbsp;&raquo;<\/span><\/a><\/p>\n","protected":false},"author":1,"featured_media":0,"comment_status":"open","ping_status":"closed","sticky":false,"template":"","format":"standard","meta":{"footnotes":""},"categories":[2],"tags":[],"class_list":["post-14271","post","type-post","status-publish","format-standard","hentry","category-non-classe"],"_links":{"self":[{"href":"https:\/\/petitmagellan.com\/index.php?rest_route=\/wp\/v2\/posts\/14271","targetHints":{"allow":["GET"]}}],"collection":[{"href":"https:\/\/petitmagellan.com\/index.php?rest_route=\/wp\/v2\/posts"}],"about":[{"href":"https:\/\/petitmagellan.com\/index.php?rest_route=\/wp\/v2\/types\/post"}],"author":[{"embeddable":true,"href":"https:\/\/petitmagellan.com\/index.php?rest_route=\/wp\/v2\/users\/1"}],"replies":[{"embeddable":true,"href":"https:\/\/petitmagellan.com\/index.php?rest_route=%2Fwp%2Fv2%2Fcomments&post=14271"}],"version-history":[{"count":9,"href":"https:\/\/petitmagellan.com\/index.php?rest_route=\/wp\/v2\/posts\/14271\/revisions"}],"predecessor-version":[{"id":14375,"href":"https:\/\/petitmagellan.com\/index.php?rest_route=\/wp\/v2\/posts\/14271\/revisions\/14375"}],"wp:attachment":[{"href":"https:\/\/petitmagellan.com\/index.php?rest_route=%2Fwp%2Fv2%2Fmedia&parent=14271"}],"wp:term":[{"taxonomy":"category","embeddable":true,"href":"https:\/\/petitmagellan.com\/index.php?rest_route=%2Fwp%2Fv2%2Fcategories&post=14271"},{"taxonomy":"post_tag","embeddable":true,"href":"https:\/\/petitmagellan.com\/index.php?rest_route=%2Fwp%2Fv2%2Ftags&post=14271"}],"curies":[{"name":"wp","href":"https:\/\/api.w.org\/{rel}","templated":true}]}}