{"id":14269,"date":"2023-06-20T23:55:08","date_gmt":"2023-06-20T21:55:08","guid":{"rendered":"https:\/\/petitmagellan.com\/?p=14269"},"modified":"2023-06-20T23:55:08","modified_gmt":"2023-06-20T21:55:08","slug":"deux-ans-et-demi","status":"publish","type":"post","link":"https:\/\/petitmagellan.com\/?p=14269","title":{"rendered":"Deux ans et demi"},"content":{"rendered":"\n<p>Le 16 juin, Armand a eu deux ans et demi !<\/p>\n\n\n\n<figure class=\"wp-block-gallery has-nested-images columns-default is-cropped wp-block-gallery-1 is-layout-flex wp-block-gallery-is-layout-flex\">\n<figure class=\"wp-block-image size-large\"><img loading=\"lazy\" decoding=\"async\" width=\"768\" height=\"1024\" data-id=\"14285\" src=\"https:\/\/petitmagellan.com\/wp-content\/uploads\/2023\/06\/IMG_0910-768x1024.jpeg\" alt=\"\" class=\"wp-image-14285\" srcset=\"https:\/\/petitmagellan.com\/wp-content\/uploads\/2023\/06\/IMG_0910-768x1024.jpeg 768w, https:\/\/petitmagellan.com\/wp-content\/uploads\/2023\/06\/IMG_0910-225x300.jpeg 225w, https:\/\/petitmagellan.com\/wp-content\/uploads\/2023\/06\/IMG_0910-1152x1536.jpeg 1152w, https:\/\/petitmagellan.com\/wp-content\/uploads\/2023\/06\/IMG_0910-1536x2048.jpeg 1536w, https:\/\/petitmagellan.com\/wp-content\/uploads\/2023\/06\/IMG_0910-1200x1600.jpeg 1200w, https:\/\/petitmagellan.com\/wp-content\/uploads\/2023\/06\/IMG_0910-scaled.jpeg 1920w\" sizes=\"auto, (max-width: 709px) 85vw, (max-width: 909px) 67vw, (max-width: 984px) 61vw, (max-width: 1362px) 45vw, 600px\" \/><\/figure>\n<\/figure>\n\n\n\n<p>Et d\u00e9j\u00e0 l\u2019\u00e9cole en septembre\u2026 il sera si petit. Heureusement qu\u2019il sera dans la m\u00eame classe que Hugo, \u00e7a me rassure beaucoup.<\/p>\n\n\n\n<p>Au quotidien, Armand est encore assez b\u00e9b\u00e9. Il ne parle pas vraiment &#8211; m\u00eame s\u2019il dit de plus en plus de mots, \u00e7a reste tr\u00e8s basique.<\/p>\n\n\n\n<p>Il a dit sa toute premi\u00e8re phrase (sujet verbe compl\u00e9ment) il y a 10 jours, et quelle phrase : \u00ab\u00a0je t\u2019aime maman\u00a0\u00bb. J\u2019\u00e9tais au supermarch\u00e9 avec lui et je me suis retourn\u00e9e en disant \u00ab\u00a0QUOI ?\u00a0\u00bb haha. Je l\u2019ai film\u00e9 et il \u00e9tait tout fier. Depuis, il n\u2019arr\u00eate plus et c\u2019est toute la journ\u00e9e : je t\u2019aime maman\/papa\/gogo\/b\u00e9b\u00e9. Trop mignon \ud83d\ude42<\/p>\n\n\n\n<p>Ce petit ange peut aussi devenir diabolique en un quart de seconde : il se comporte tr\u00e8s tr\u00e8s souvent comme une v\u00e9ritable tornade avec moi, qui crie et se d\u00e9bat dans tous les sens ! Il faut vraiment s\u2019accrocher avec lui !!<\/p>\n\n\n\n<figure class=\"wp-block-gallery has-nested-images columns-default is-cropped wp-block-gallery-2 is-layout-flex wp-block-gallery-is-layout-flex\">\n<figure class=\"wp-block-image size-large\"><img loading=\"lazy\" decoding=\"async\" width=\"768\" height=\"1024\" data-id=\"14491\" src=\"https:\/\/petitmagellan.com\/wp-content\/uploads\/2023\/06\/IMG_0921-768x1024.jpeg\" alt=\"\" class=\"wp-image-14491\" srcset=\"https:\/\/petitmagellan.com\/wp-content\/uploads\/2023\/06\/IMG_0921-768x1024.jpeg 768w, https:\/\/petitmagellan.com\/wp-content\/uploads\/2023\/06\/IMG_0921-225x300.jpeg 225w, https:\/\/petitmagellan.com\/wp-content\/uploads\/2023\/06\/IMG_0921-1152x1536.jpeg 1152w, https:\/\/petitmagellan.com\/wp-content\/uploads\/2023\/06\/IMG_0921-1536x2048.jpeg 1536w, https:\/\/petitmagellan.com\/wp-content\/uploads\/2023\/06\/IMG_0921-1200x1600.jpeg 1200w, https:\/\/petitmagellan.com\/wp-content\/uploads\/2023\/06\/IMG_0921-scaled.jpeg 1920w\" sizes=\"auto, (max-width: 709px) 85vw, (max-width: 909px) 67vw, (max-width: 984px) 61vw, (max-width: 1362px) 45vw, 600px\" \/><\/figure>\n<\/figure>\n\n\n\n<p>Notre petit gar\u00e7on qui va bient\u00f4t \u00eatre grand fr\u00e8re\u2026 on t\u2019aime Armand d\u2019amour !<\/p>\n\n\n\n<figure class=\"wp-block-gallery has-nested-images columns-1 is-cropped wp-block-gallery-3 is-layout-flex wp-block-gallery-is-layout-flex\">\n<figure class=\"wp-block-image size-large\"><img loading=\"lazy\" decoding=\"async\" width=\"768\" height=\"1024\" data-id=\"14492\" src=\"https:\/\/petitmagellan.com\/wp-content\/uploads\/2023\/06\/IMG_0904-768x1024.jpeg\" alt=\"\" class=\"wp-image-14492\" srcset=\"https:\/\/petitmagellan.com\/wp-content\/uploads\/2023\/06\/IMG_0904-768x1024.jpeg 768w, https:\/\/petitmagellan.com\/wp-content\/uploads\/2023\/06\/IMG_0904-225x300.jpeg 225w, https:\/\/petitmagellan.com\/wp-content\/uploads\/2023\/06\/IMG_0904-1152x1536.jpeg 1152w, https:\/\/petitmagellan.com\/wp-content\/uploads\/2023\/06\/IMG_0904-1536x2048.jpeg 1536w, https:\/\/petitmagellan.com\/wp-content\/uploads\/2023\/06\/IMG_0904-1200x1600.jpeg 1200w, https:\/\/petitmagellan.com\/wp-content\/uploads\/2023\/06\/IMG_0904-scaled.jpeg 1920w\" sizes=\"auto, (max-width: 709px) 85vw, (max-width: 909px) 67vw, (max-width: 984px) 61vw, (max-width: 1362px) 45vw, 600px\" \/><\/figure>\n<\/figure>\n","protected":false},"excerpt":{"rendered":"<p>Le 16 juin, Armand a eu deux ans et demi ! Et d\u00e9j\u00e0 l\u2019\u00e9cole en septembre\u2026 il sera si petit. Heureusement qu\u2019il sera dans la m\u00eame classe que Hugo, \u00e7a me rassure beaucoup. Au quotidien, Armand est encore assez b\u00e9b\u00e9. Il ne parle pas vraiment &#8211; m\u00eame s\u2019il dit de plus en plus de mots, &hellip; <a href=\"https:\/\/petitmagellan.com\/?p=14269\" class=\"more-link\">Continuer la lecture<span class=\"screen-reader-text\"> de &laquo;&nbsp;Deux ans et demi&nbsp;&raquo;<\/span><\/a><\/p>\n","protected":false},"author":1,"featured_media":0,"comment_status":"open","ping_status":"closed","sticky":false,"template":"","format":"standard","meta":{"footnotes":""},"categories":[2],"tags":[],"class_list":["post-14269","post","type-post","status-publish","format-standard","hentry","category-non-classe"],"_links":{"self":[{"href":"https:\/\/petitmagellan.com\/index.php?rest_route=\/wp\/v2\/posts\/14269","targetHints":{"allow":["GET"]}}],"collection":[{"href":"https:\/\/petitmagellan.com\/index.php?rest_route=\/wp\/v2\/posts"}],"about":[{"href":"https:\/\/petitmagellan.com\/index.php?rest_route=\/wp\/v2\/types\/post"}],"author":[{"embeddable":true,"href":"https:\/\/petitmagellan.com\/index.php?rest_route=\/wp\/v2\/users\/1"}],"replies":[{"embeddable":true,"href":"https:\/\/petitmagellan.com\/index.php?rest_route=%2Fwp%2Fv2%2Fcomments&post=14269"}],"version-history":[{"count":7,"href":"https:\/\/petitmagellan.com\/index.php?rest_route=\/wp\/v2\/posts\/14269\/revisions"}],"predecessor-version":[{"id":14494,"href":"https:\/\/petitmagellan.com\/index.php?rest_route=\/wp\/v2\/posts\/14269\/revisions\/14494"}],"wp:attachment":[{"href":"https:\/\/petitmagellan.com\/index.php?rest_route=%2Fwp%2Fv2%2Fmedia&parent=14269"}],"wp:term":[{"taxonomy":"category","embeddable":true,"href":"https:\/\/petitmagellan.com\/index.php?rest_route=%2Fwp%2Fv2%2Fcategories&post=14269"},{"taxonomy":"post_tag","embeddable":true,"href":"https:\/\/petitmagellan.com\/index.php?rest_route=%2Fwp%2Fv2%2Ftags&post=14269"}],"curies":[{"name":"wp","href":"https:\/\/api.w.org\/{rel}","templated":true}]}}