{"id":1418,"date":"2019-11-07T11:00:00","date_gmt":"2019-11-07T10:00:00","guid":{"rendered":"http:\/\/petitmagellan.com\/?p=1418"},"modified":"2019-11-07T11:00:00","modified_gmt":"2019-11-07T10:00:00","slug":"hugo-a-6-mois","status":"publish","type":"post","link":"https:\/\/petitmagellan.com\/?p=1418","title":{"rendered":"Hugo a 6 mois"},"content":{"rendered":"\n<figure class=\"wp-block-gallery aligncenter columns-1 is-cropped wp-block-gallery-1 is-layout-flex wp-block-gallery-is-layout-flex\"><ul class=\"blocks-gallery-grid\"><li class=\"blocks-gallery-item\"><figure><img decoding=\"async\" src=\"https:\/\/petitmagellan.files.wordpress.com\/2019\/11\/dsc00339-4.jpg?w=1024\" alt=\"\" data-id=\"1747\" data-link=\"https:\/\/petitmagellan.com\/dsc00339-4\/\" class=\"wp-image-1747\" \/><\/figure><\/li><\/ul><\/figure>\n\n\n\n<p>Comment est-il possible que six mois soient d\u00e9j\u00e0 pass\u00e9s ?? Si quelqu&rsquo;un peut m&rsquo;\u00e9clairer&#8230;<\/p>\n\n\n\n<p>Bref, tout va bien pour notre petit Hugo. Il passe ses journ\u00e9es avec sa maman et entour\u00e9 de ses jouets, aime par-dessus tout le moment de la t\u00e9t\u00e9e, fait la sieste (pas assez longtemps et pas toujours quand il devrait la faire, mais bon), observe tout ce qu&rsquo;il peut observer (\u00e9ternelle remarque des gens depuis sa naissance : \u00ab\u00a0qu&rsquo;est-ce qu&rsquo;il est \u00e9veill\u00e9 !\u00a0\u00bb) et gazouille, rit, pleure, bave, p\u00e8te et salit ses couches le reste du temps.<\/p>\n\n\n\n<figure class=\"wp-block-gallery aligncenter columns-1 is-cropped wp-block-gallery-2 is-layout-flex wp-block-gallery-is-layout-flex\"><ul class=\"blocks-gallery-grid\"><li class=\"blocks-gallery-item\"><figure><img decoding=\"async\" src=\"https:\/\/petitmagellan.files.wordpress.com\/2019\/11\/img_3978-1.jpg?w=810\" alt=\"\" data-id=\"1702\" data-link=\"https:\/\/petitmagellan.com\/img_3978-1\/\" class=\"wp-image-1702\" \/><\/figure><\/li><\/ul><\/figure>\n\n\n\n<figure class=\"wp-block-gallery aligncenter columns-1 is-cropped wp-block-gallery-3 is-layout-flex wp-block-gallery-is-layout-flex\"><ul class=\"blocks-gallery-grid\"><li class=\"blocks-gallery-item\"><figure><img decoding=\"async\" src=\"https:\/\/petitmagellan.files.wordpress.com\/2019\/11\/img_3785.jpg?w=768\" alt=\"\" data-id=\"1711\" data-link=\"https:\/\/petitmagellan.com\/img_3785\/\" class=\"wp-image-1711\" \/><\/figure><\/li><\/ul><\/figure>\n\n\n\n<figure class=\"wp-block-gallery aligncenter columns-1 is-cropped wp-block-gallery-4 is-layout-flex wp-block-gallery-is-layout-flex\"><ul class=\"blocks-gallery-grid\"><li class=\"blocks-gallery-item\"><figure><img decoding=\"async\" src=\"https:\/\/petitmagellan.files.wordpress.com\/2019\/11\/img_0132.jpg?w=768\" alt=\"\" data-id=\"1712\" data-link=\"https:\/\/petitmagellan.com\/img_0132\/\" class=\"wp-image-1712\" \/><\/figure><\/li><\/ul><\/figure>\n\n\n\n<p>Je dois dire que je suis contente car la diversification se passe tr\u00e8s bien et la routine du midi et du go\u00fbter est bien install\u00e9e. Hugo ADORE la pomme (les l\u00e9gumes aussi mais le sucr\u00e9 avant tout) et peut vite s&rsquo;\u00e9nerver si la cuill\u00e8re n&rsquo;arrive pas assez rapidement \u00e0 sa bouche. Il vaut mieux avoir une tr\u00e8s bonne coordination et une grande vitesse d&rsquo;ex\u00e9cution pour \u00e9viter les cris hyst\u00e9riques !!<\/p>\n\n\n\n<figure class=\"wp-block-gallery aligncenter columns-1 is-cropped wp-block-gallery-5 is-layout-flex wp-block-gallery-is-layout-flex\"><ul class=\"blocks-gallery-grid\"><li class=\"blocks-gallery-item\"><figure><img decoding=\"async\" src=\"https:\/\/petitmagellan.files.wordpress.com\/2019\/11\/img_3802.jpg?w=1024\" alt=\"\" data-id=\"1707\" data-link=\"https:\/\/petitmagellan.com\/img_3802\/\" class=\"wp-image-1707\" \/><\/figure><\/li><\/ul><\/figure>\n\n\n\n<p>Oui, car d\u00e9sormais, pour exprimer son m\u00e9contentement ou son impatience, Hugo commence \u00e0 zapper l&rsquo;\u00e9tape des petits g\u00e9missements qui montent crescendo et passe directement aux cris stridents, pour le plus grand plaisir de nos oreilles \ud83d\ude42<\/p>\n\n\n\n<figure class=\"wp-block-gallery aligncenter columns-1 is-cropped wp-block-gallery-6 is-layout-flex wp-block-gallery-is-layout-flex\"><ul class=\"blocks-gallery-grid\"><li class=\"blocks-gallery-item\"><figure><img decoding=\"async\" src=\"https:\/\/petitmagellan.files.wordpress.com\/2019\/11\/img_3741.jpg?w=768\" alt=\"\" data-id=\"1692\" data-link=\"https:\/\/petitmagellan.com\/img_3741\/\" class=\"wp-image-1692\" \/><\/figure><\/li><\/ul><\/figure>\n\n\n\n<p>Sinon, il rampe toujours avec beaucoup de fiert\u00e9, en arri\u00e8re uniquement, et ne cherche pas \u00e0 s&rsquo;asseoir tout seul pour le moment. Il commence aussi un peu \u00e0 passer du ventre au dos, mais c&rsquo;est tr\u00e8s rare. La meilleure position pour lui reste celle o\u00f9 il est port\u00e9 !<\/p>\n\n\n\n<figure class=\"wp-block-gallery aligncenter columns-1 is-cropped wp-block-gallery-7 is-layout-flex wp-block-gallery-is-layout-flex\"><ul class=\"blocks-gallery-grid\"><li class=\"blocks-gallery-item\"><figure><img decoding=\"async\" src=\"https:\/\/petitmagellan.files.wordpress.com\/2019\/11\/img_4015-1.jpg?w=837\" alt=\"\" data-id=\"1741\" data-link=\"https:\/\/petitmagellan.com\/img_4015-1\/\" class=\"wp-image-1741\" \/><\/figure><\/li><\/ul><\/figure>\n\n\n\n<p>Ce n&rsquo;est pas toujours de tout repos mais, dans l&rsquo;ensemble, Hugo est un b\u00e9b\u00e9 sage \u00e0 qui on pardonne \u00e9videmment tout dans la seconde \ud83d\ude42<\/p>\n\n\n\n<p>Joyeux 6 mois Hugo !!<\/p>\n\n\n\n<figure class=\"wp-block-gallery aligncenter columns-1 is-cropped wp-block-gallery-8 is-layout-flex wp-block-gallery-is-layout-flex\"><ul class=\"blocks-gallery-grid\"><li class=\"blocks-gallery-item\"><figure><img decoding=\"async\" src=\"https:\/\/petitmagellan.files.wordpress.com\/2019\/11\/img_4077.jpg?w=768\" alt=\"\" data-id=\"1714\" data-link=\"https:\/\/petitmagellan.com\/img_4077\/\" class=\"wp-image-1714\" \/><\/figure><\/li><\/ul><\/figure>\n","protected":false},"excerpt":{"rendered":"<p>Comment est-il possible que six mois soient d\u00e9j\u00e0 pass\u00e9s ?? Si quelqu&rsquo;un peut m&rsquo;\u00e9clairer&#8230; Bref, tout va bien pour notre petit Hugo. Il passe ses journ\u00e9es avec sa maman et entour\u00e9 de ses jouets, aime par-dessus tout le moment de la t\u00e9t\u00e9e, fait la sieste (pas assez longtemps et pas toujours quand il devrait la &hellip; <a href=\"https:\/\/petitmagellan.com\/?p=1418\" class=\"more-link\">Continuer la lecture<span class=\"screen-reader-text\"> de &laquo;&nbsp;Hugo a 6 mois&nbsp;&raquo;<\/span><\/a><\/p>\n","protected":false},"author":1,"featured_media":0,"comment_status":"open","ping_status":"open","sticky":false,"template":"","format":"standard","meta":{"footnotes":""},"categories":[2],"tags":[],"class_list":["post-1418","post","type-post","status-publish","format-standard","hentry","category-non-classe"],"_links":{"self":[{"href":"https:\/\/petitmagellan.com\/index.php?rest_route=\/wp\/v2\/posts\/1418","targetHints":{"allow":["GET"]}}],"collection":[{"href":"https:\/\/petitmagellan.com\/index.php?rest_route=\/wp\/v2\/posts"}],"about":[{"href":"https:\/\/petitmagellan.com\/index.php?rest_route=\/wp\/v2\/types\/post"}],"author":[{"embeddable":true,"href":"https:\/\/petitmagellan.com\/index.php?rest_route=\/wp\/v2\/users\/1"}],"replies":[{"embeddable":true,"href":"https:\/\/petitmagellan.com\/index.php?rest_route=%2Fwp%2Fv2%2Fcomments&post=1418"}],"version-history":[{"count":0,"href":"https:\/\/petitmagellan.com\/index.php?rest_route=\/wp\/v2\/posts\/1418\/revisions"}],"wp:attachment":[{"href":"https:\/\/petitmagellan.com\/index.php?rest_route=%2Fwp%2Fv2%2Fmedia&parent=1418"}],"wp:term":[{"taxonomy":"category","embeddable":true,"href":"https:\/\/petitmagellan.com\/index.php?rest_route=%2Fwp%2Fv2%2Fcategories&post=1418"},{"taxonomy":"post_tag","embeddable":true,"href":"https:\/\/petitmagellan.com\/index.php?rest_route=%2Fwp%2Fv2%2Ftags&post=1418"}],"curies":[{"name":"wp","href":"https:\/\/api.w.org\/{rel}","templated":true}]}}