{"id":14127,"date":"2022-02-16T23:49:00","date_gmt":"2022-02-16T22:49:00","guid":{"rendered":"http:\/\/petitmagellan.com\/?p=11381"},"modified":"2022-02-16T23:49:00","modified_gmt":"2022-02-16T22:49:00","slug":"armand-a-14-mois","status":"publish","type":"post","link":"https:\/\/petitmagellan.com\/?p=14127","title":{"rendered":"Armand a 14 mois"},"content":{"rendered":"\n<p>Joyeux 14 mois Armand \ud83d\ude42<\/p>\n\n\n\n<figure class=\"wp-block-gallery has-nested-images columns-default is-cropped wp-block-gallery-1 is-layout-flex wp-block-gallery-is-layout-flex\">\n<figure class=\"wp-block-image\"><img decoding=\"async\" data-id=\"11459\" src=\"https:\/\/petitmagellan.files.wordpress.com\/2022\/02\/img_0741.jpg\" alt=\"\" class=\"wp-image-11459\" \/><\/figure>\n<\/figure>\n\n\n\n<p>L\u2019acquisition de la marche est all\u00e9e vite par ici (et la ma\u00eetrise des positions acrobatiques comme ci-dessus aussi). Quelques jours apr\u00e8s ses premiers pas, il s\u2019est mis \u00e0 traverser les pi\u00e8ces puis l\u2019appartement entier. Et depuis deux semaines il s\u2019entra\u00eene dehors et ne s\u2019arr\u00eate plus.<\/p>\n\n\n\n<figure class=\"wp-block-gallery has-nested-images columns-2 is-cropped wp-block-gallery-2 is-layout-flex wp-block-gallery-is-layout-flex\">\n<figure class=\"wp-block-image\"><img decoding=\"async\" data-id=\"11453\" src=\"https:\/\/petitmagellan.files.wordpress.com\/2022\/02\/img_0151.jpg\" alt=\"\" class=\"wp-image-11453\" \/><\/figure>\n\n\n\n<figure class=\"wp-block-image\"><img decoding=\"async\" data-id=\"11454\" src=\"https:\/\/petitmagellan.files.wordpress.com\/2022\/02\/img_0148.jpg\" alt=\"\" class=\"wp-image-11454\" \/><\/figure>\n\n\n\n<figure class=\"wp-block-image\"><img decoding=\"async\" data-id=\"11452\" src=\"https:\/\/petitmagellan.files.wordpress.com\/2022\/02\/img_0714.jpg\" alt=\"\" class=\"wp-image-11452\" \/><\/figure>\n<\/figure>\n\n\n\n<p>Plus tellement envie de rester immobile dans la poussette.<\/p>\n\n\n\n<figure class=\"wp-block-gallery has-nested-images columns-2 is-cropped wp-block-gallery-3 is-layout-flex wp-block-gallery-is-layout-flex\">\n<figure class=\"wp-block-image size-large\"><img decoding=\"async\" data-id=\"11461\" src=\"https:\/\/petitmagellan.files.wordpress.com\/2022\/02\/image-3.jpg?w=769\" alt=\"\" class=\"wp-image-11461\" \/><\/figure>\n\n\n\n<figure class=\"wp-block-image\"><img decoding=\"async\" data-id=\"11449\" src=\"https:\/\/petitmagellan.files.wordpress.com\/2022\/02\/img_0113.jpg\" alt=\"\" class=\"wp-image-11449\" \/><\/figure>\n\n\n\n<figure class=\"wp-block-image\"><img decoding=\"async\" data-id=\"11448\" src=\"https:\/\/petitmagellan.files.wordpress.com\/2022\/02\/img_0116.jpg\" alt=\"\" class=\"wp-image-11448\" \/><\/figure>\n<\/figure>\n\n\n\n<p>\u00c0 la maison, il a toujours un petit jouet dans la main et adore la biblioth\u00e8que de livres dans la chambre de Hugo.<\/p>\n\n\n\n<figure class=\"wp-block-gallery has-nested-images columns-2 is-cropped wp-block-gallery-4 is-layout-flex wp-block-gallery-is-layout-flex\">\n<figure class=\"wp-block-image\"><img decoding=\"async\" data-id=\"11447\" src=\"https:\/\/petitmagellan.files.wordpress.com\/2022\/02\/img_0059.jpg\" alt=\"\" class=\"wp-image-11447\" \/><\/figure>\n\n\n\n<figure class=\"wp-block-image\"><img decoding=\"async\" data-id=\"11384\" src=\"https:\/\/petitmagellan.files.wordpress.com\/2022\/01\/img_9621.jpg\" alt=\"\" class=\"wp-image-11384\" \/><\/figure>\n\n\n\n<figure class=\"wp-block-image\"><img decoding=\"async\" data-id=\"11450\" src=\"https:\/\/petitmagellan.files.wordpress.com\/2022\/02\/img_0137.jpg\" alt=\"\" class=\"wp-image-11450\" \/><\/figure>\n<\/figure>\n\n\n\n<p>Sinon, il a toujours 6 dents, un app\u00e9tit tr\u00e8s variable et un petit caract\u00e8re qui s\u2019est beaucoup affirm\u00e9 r\u00e9cemment. Disons qu\u2019il sait se faire entendre haha.<\/p>\n\n\n\n<p>Et c\u00f4t\u00e9 sommeil&#8230; depuis plusieurs nuits il se r\u00e9veille de nouveau vers 3\/4h du matin. La petite blague a assez dur\u00e9 Armand !<\/p>\n\n\n\n<figure class=\"wp-block-gallery has-nested-images columns-default is-cropped wp-block-gallery-5 is-layout-flex wp-block-gallery-is-layout-flex\">\n<figure class=\"wp-block-image\"><img decoding=\"async\" data-id=\"11379\" src=\"https:\/\/petitmagellan.files.wordpress.com\/2022\/01\/img_9718.jpg\" alt=\"\" class=\"wp-image-11379\" \/><\/figure>\n<\/figure>\n","protected":false},"excerpt":{"rendered":"<p>Joyeux 14 mois Armand \ud83d\ude42 L\u2019acquisition de la marche est all\u00e9e vite par ici (et la ma\u00eetrise des positions acrobatiques comme ci-dessus aussi). Quelques jours apr\u00e8s ses premiers pas, il s\u2019est mis \u00e0 traverser les pi\u00e8ces puis l\u2019appartement entier. Et depuis deux semaines il s\u2019entra\u00eene dehors et ne s\u2019arr\u00eate plus. Plus tellement envie de rester &hellip; <a href=\"https:\/\/petitmagellan.com\/?p=14127\" class=\"more-link\">Continuer la lecture<span class=\"screen-reader-text\"> de &laquo;&nbsp;Armand a 14 mois&nbsp;&raquo;<\/span><\/a><\/p>\n","protected":false},"author":1,"featured_media":0,"comment_status":"open","ping_status":"open","sticky":false,"template":"","format":"standard","meta":{"footnotes":""},"categories":[2],"tags":[],"class_list":["post-14127","post","type-post","status-publish","format-standard","hentry","category-non-classe"],"_links":{"self":[{"href":"https:\/\/petitmagellan.com\/index.php?rest_route=\/wp\/v2\/posts\/14127","targetHints":{"allow":["GET"]}}],"collection":[{"href":"https:\/\/petitmagellan.com\/index.php?rest_route=\/wp\/v2\/posts"}],"about":[{"href":"https:\/\/petitmagellan.com\/index.php?rest_route=\/wp\/v2\/types\/post"}],"author":[{"embeddable":true,"href":"https:\/\/petitmagellan.com\/index.php?rest_route=\/wp\/v2\/users\/1"}],"replies":[{"embeddable":true,"href":"https:\/\/petitmagellan.com\/index.php?rest_route=%2Fwp%2Fv2%2Fcomments&post=14127"}],"version-history":[{"count":0,"href":"https:\/\/petitmagellan.com\/index.php?rest_route=\/wp\/v2\/posts\/14127\/revisions"}],"wp:attachment":[{"href":"https:\/\/petitmagellan.com\/index.php?rest_route=%2Fwp%2Fv2%2Fmedia&parent=14127"}],"wp:term":[{"taxonomy":"category","embeddable":true,"href":"https:\/\/petitmagellan.com\/index.php?rest_route=%2Fwp%2Fv2%2Fcategories&post=14127"},{"taxonomy":"post_tag","embeddable":true,"href":"https:\/\/petitmagellan.com\/index.php?rest_route=%2Fwp%2Fv2%2Ftags&post=14127"}],"curies":[{"name":"wp","href":"https:\/\/api.w.org\/{rel}","templated":true}]}}