{"id":14121,"date":"2021-12-06T21:53:21","date_gmt":"2021-12-06T20:53:21","guid":{"rendered":"http:\/\/petitmagellan.com\/2021\/12\/06\/rdv-pediatre-2\/"},"modified":"2021-12-06T21:53:21","modified_gmt":"2021-12-06T20:53:21","slug":"rdv-pediatre-2","status":"publish","type":"post","link":"https:\/\/petitmagellan.com\/?p=14121","title":{"rendered":"RDV p\u00e9diatre"},"content":{"rendered":"\n<p>Lundi dernier les gar\u00e7ons avaient tous les deux rendez-vous pour des vaccins. Comme d\u2019habitude, ils ont retrouv\u00e9 le sourire au moment de rentrer !<\/p>\n\n\n\n<figure class=\"wp-block-gallery blocks-gallery-grid has-nested-images columns-1 is-cropped wp-block-gallery-1 is-layout-flex wp-block-gallery-is-layout-flex\">\n<figure class=\"wp-block-image size-large\"><img decoding=\"async\" data-id=\"10560\" src=\"https:\/\/petitmagellan.files.wordpress.com\/2021\/12\/img_7585.jpg\" alt=\"Image gallery image\" class=\"wp-image-10560\" \/><\/figure>\n\n\n\n<figure class=\"wp-block-image size-large\"><img decoding=\"async\" data-id=\"10559\" src=\"https:\/\/petitmagellan.files.wordpress.com\/2021\/12\/img_7583.jpg\" alt=\"Image gallery image\" class=\"wp-image-10559\" \/><\/figure>\n<\/figure>\n\n\n\n<p>Cela faisait environ deux semaines qu\u2019ils \u00e9taient malades \u00e0 tour de r\u00f4le \u00e0 cause des pouss\u00e9es dentaires (grosses fi\u00e8vres jusqu\u2019\u00e0 39,7) et j\u2019avais un peu peur que les vaccins ne nous fassent replonger, mais par chance Hugo n\u2019a eu aucun effet et Armand juste une l\u00e9g\u00e8re fi\u00e8vre pendant 24 heures.<\/p>\n\n\n\n<p>C\u00f4t\u00e9 chiffres, Hugo mesure maintenant 97 cm (bient\u00f4t le m\u00e8tre !). Le p\u00e9diatre n\u2019a apparemment pas r\u00e9ussi \u00e0 mesurer Armand qui bougeait trop&#8230;. donc on en saura plus la prochaine fois. Pour le poids, la balance a indiqu\u00e9 8,2 kg. Cela aurait pu \u00eatre un peu plus \u00e9lev\u00e9 mais aucune surprise pour moi \u00e9tant donn\u00e9 qu\u2019il n\u2019a quasiment rien mang\u00e9 pendant deux semaines !<\/p>\n\n\n\n<p>Heureusement que tout est maintenant revenu \u00e0 la normale \ud83d\ude42<\/p>\n","protected":false},"excerpt":{"rendered":"<p>Lundi dernier les gar\u00e7ons avaient tous les deux rendez-vous pour des vaccins. Comme d\u2019habitude, ils ont retrouv\u00e9 le sourire au moment de rentrer ! Cela faisait environ deux semaines qu\u2019ils \u00e9taient malades \u00e0 tour de r\u00f4le \u00e0 cause des pouss\u00e9es dentaires (grosses fi\u00e8vres jusqu\u2019\u00e0 39,7) et j\u2019avais un peu peur que les vaccins ne nous &hellip; <a href=\"https:\/\/petitmagellan.com\/?p=14121\" class=\"more-link\">Continuer la lecture<span class=\"screen-reader-text\"> de &laquo;&nbsp;RDV p\u00e9diatre&nbsp;&raquo;<\/span><\/a><\/p>\n","protected":false},"author":1,"featured_media":0,"comment_status":"open","ping_status":"open","sticky":false,"template":"","format":"standard","meta":{"footnotes":""},"categories":[2],"tags":[],"class_list":["post-14121","post","type-post","status-publish","format-standard","hentry","category-non-classe"],"_links":{"self":[{"href":"https:\/\/petitmagellan.com\/index.php?rest_route=\/wp\/v2\/posts\/14121","targetHints":{"allow":["GET"]}}],"collection":[{"href":"https:\/\/petitmagellan.com\/index.php?rest_route=\/wp\/v2\/posts"}],"about":[{"href":"https:\/\/petitmagellan.com\/index.php?rest_route=\/wp\/v2\/types\/post"}],"author":[{"embeddable":true,"href":"https:\/\/petitmagellan.com\/index.php?rest_route=\/wp\/v2\/users\/1"}],"replies":[{"embeddable":true,"href":"https:\/\/petitmagellan.com\/index.php?rest_route=%2Fwp%2Fv2%2Fcomments&post=14121"}],"version-history":[{"count":0,"href":"https:\/\/petitmagellan.com\/index.php?rest_route=\/wp\/v2\/posts\/14121\/revisions"}],"wp:attachment":[{"href":"https:\/\/petitmagellan.com\/index.php?rest_route=%2Fwp%2Fv2%2Fmedia&parent=14121"}],"wp:term":[{"taxonomy":"category","embeddable":true,"href":"https:\/\/petitmagellan.com\/index.php?rest_route=%2Fwp%2Fv2%2Fcategories&post=14121"},{"taxonomy":"post_tag","embeddable":true,"href":"https:\/\/petitmagellan.com\/index.php?rest_route=%2Fwp%2Fv2%2Ftags&post=14121"}],"curies":[{"name":"wp","href":"https:\/\/api.w.org\/{rel}","templated":true}]}}