{"id":14109,"date":"2021-06-30T22:45:00","date_gmt":"2021-06-30T21:45:00","guid":{"rendered":"http:\/\/petitmagellan.com\/?p=8716"},"modified":"2021-06-30T22:45:00","modified_gmt":"2021-06-30T21:45:00","slug":"hugo-est-en-pleine-forme","status":"publish","type":"post","link":"https:\/\/petitmagellan.com\/?p=14109","title":{"rendered":"Hugo est en pleine forme"},"content":{"rendered":"\n<p>Comme \u00e0 son habitude, notre petit gar\u00e7on de deux ans (\u00ab deux ya \u00bb comme il dit, en montrant ses doigts) d\u00e9borde d\u2019\u00e9nergie. Il nous offre nos meilleurs fous-rires mais aussi nos pires frayeurs (je l\u2019ai perdu deux minutes dans un magasin la semaine derni\u00e8re, et un jour il a failli monter dans un ascenseur tout seul au centre commercial). Il faut le surveiller sans cesse car il ne reste pas en place et l\u2019ob\u00e9issance est un concept encore vague&#8230; <\/p>\n\n\n\n<figure class=\"wp-block-gallery columns-2 is-cropped wp-block-gallery-1 is-layout-flex wp-block-gallery-is-layout-flex\"><ul class=\"blocks-gallery-grid\"><li class=\"blocks-gallery-item\"><figure><img decoding=\"async\" src=\"https:\/\/petitmagellan.files.wordpress.com\/2021\/06\/img_1767.jpg\" data-id=\"8713\" class=\"wp-image-8713\" \/><\/figure><\/li><li class=\"blocks-gallery-item\"><figure><img decoding=\"async\" src=\"https:\/\/petitmagellan.files.wordpress.com\/2021\/06\/img_1925.jpg\" data-id=\"8711\" class=\"wp-image-8711\" \/><\/figure><\/li><\/ul><\/figure>\n\n\n\n<p>\u00c0 c\u00f4t\u00e9 de \u00e7a, toujours beaucoup d\u2019\u00e9motions \u00e0 g\u00e9rer et ce n\u2019est pas simple !<\/p>\n\n\n\n<figure class=\"wp-block-gallery columns-2 is-cropped wp-block-gallery-2 is-layout-flex wp-block-gallery-is-layout-flex\"><ul class=\"blocks-gallery-grid\"><li class=\"blocks-gallery-item\"><figure><img decoding=\"async\" src=\"https:\/\/petitmagellan.files.wordpress.com\/2021\/06\/image-19.jpg\" data-id=\"8728\" class=\"wp-image-8728\" \/><\/figure><\/li><li class=\"blocks-gallery-item\"><figure><img decoding=\"async\" src=\"https:\/\/petitmagellan.files.wordpress.com\/2021\/06\/img_2062-1.jpg\" data-id=\"8712\" class=\"wp-image-8712\" \/><\/figure><\/li><\/ul><\/figure>\n\n\n\n<p>Il est toujours tr\u00e8s tr\u00e8s affectueux envers les autres enfants, voire trop. Il lui arrive par exemple de leur courir apr\u00e8s en criant (et parfois en pleurant) \u00ab biyou !!! \u00bb, frustr\u00e9 parce qu\u2019ils ne veulent pas se faire embrasser. Il d\u00e9borde d\u2019affection mais certains n\u2019aiment pas \u00e7a, et c\u2019est dur \u00e0 comprendre pour lui. Il a aussi grandi et ne mesure pas sa force, alors bien souvent ses c\u00e2lins sont trop forts, ses mains serrent le cou et produisent l\u2019effet inverse de ce qu\u2019il voulait&#8230; pas \u00e9vident de lui faire comprendre d\u2019y aller doucement.<\/p>\n\n\n\n<p>Heureusement, la plupart du temps les enfants sont tr\u00e8s r\u00e9ceptifs et c\u2019est trop mignon \u00e0 voir. Ce que je trouve adorable par-dessus tout, c\u2019est quand il voit un enfant pleurer et qu\u2019il va l\u2019embrasser spontan\u00e9ment pour le r\u00e9conforter.<\/p>\n\n\n\n<figure class=\"wp-block-gallery columns-1 is-cropped wp-block-gallery-3 is-layout-flex wp-block-gallery-is-layout-flex\"><ul class=\"blocks-gallery-grid\"><li class=\"blocks-gallery-item\"><figure><img decoding=\"async\" src=\"https:\/\/petitmagellan.files.wordpress.com\/2021\/06\/img_2133.jpg\" data-id=\"8718\" class=\"wp-image-8718\" \/><\/figure><\/li><\/ul><\/figure>\n\n\n\n<p>Outre ce c\u00f4t\u00e9 affectueux tr\u00e8s prononc\u00e9, il y a aussi son langage qui monte en fl\u00e8che, m\u00eame s\u2019il reste encore incompr\u00e9hensible pour la plupart des gens. Je pense pouvoir dire que le mot qu\u2019il dit le plus est \u00ab anon\u00e9 \u00bb (pour \u00ab donner \u00bb). Mais il sait d\u00e9sormais qu\u2019il ne doit pas r\u00e9clamer et qu\u2019il doit dire s\u2019il te pla\u00eet. Alors parfois j\u2019entends de timides \u00ab p\u00e9p\u00e9p\u00e9 mama&#8230; \u00bb \ud83d\ude42<\/p>\n\n\n\n<p>Et, bien s\u00fbr, il dit toujours son fameux \u00ab papapi tchaaa ! \u00bb (\u00ab c\u2019est pas possible \u00e7a ! \u00bb) &#8211; c\u2019est quasiment devenu culte \ud83d\ude42<\/p>\n\n\n\n<figure class=\"wp-block-gallery columns-1 is-cropped wp-block-gallery-4 is-layout-flex wp-block-gallery-is-layout-flex\"><ul class=\"blocks-gallery-grid\"><li class=\"blocks-gallery-item\"><figure><img decoding=\"async\" src=\"https:\/\/petitmagellan.files.wordpress.com\/2021\/06\/image-18.jpg\" data-id=\"8721\" class=\"wp-image-8721\" \/><\/figure><\/li><\/ul><\/figure>\n","protected":false},"excerpt":{"rendered":"<p>Comme \u00e0 son habitude, notre petit gar\u00e7on de deux ans (\u00ab deux ya \u00bb comme il dit, en montrant ses doigts) d\u00e9borde d\u2019\u00e9nergie. Il nous offre nos meilleurs fous-rires mais aussi nos pires frayeurs (je l\u2019ai perdu deux minutes dans un magasin la semaine derni\u00e8re, et un jour il a failli monter dans un ascenseur &hellip; <a href=\"https:\/\/petitmagellan.com\/?p=14109\" class=\"more-link\">Continuer la lecture<span class=\"screen-reader-text\"> de &laquo;&nbsp;Hugo est en pleine forme&nbsp;&raquo;<\/span><\/a><\/p>\n","protected":false},"author":1,"featured_media":0,"comment_status":"open","ping_status":"open","sticky":false,"template":"","format":"standard","meta":{"footnotes":""},"categories":[2],"tags":[],"class_list":["post-14109","post","type-post","status-publish","format-standard","hentry","category-non-classe"],"_links":{"self":[{"href":"https:\/\/petitmagellan.com\/index.php?rest_route=\/wp\/v2\/posts\/14109","targetHints":{"allow":["GET"]}}],"collection":[{"href":"https:\/\/petitmagellan.com\/index.php?rest_route=\/wp\/v2\/posts"}],"about":[{"href":"https:\/\/petitmagellan.com\/index.php?rest_route=\/wp\/v2\/types\/post"}],"author":[{"embeddable":true,"href":"https:\/\/petitmagellan.com\/index.php?rest_route=\/wp\/v2\/users\/1"}],"replies":[{"embeddable":true,"href":"https:\/\/petitmagellan.com\/index.php?rest_route=%2Fwp%2Fv2%2Fcomments&post=14109"}],"version-history":[{"count":0,"href":"https:\/\/petitmagellan.com\/index.php?rest_route=\/wp\/v2\/posts\/14109\/revisions"}],"wp:attachment":[{"href":"https:\/\/petitmagellan.com\/index.php?rest_route=%2Fwp%2Fv2%2Fmedia&parent=14109"}],"wp:term":[{"taxonomy":"category","embeddable":true,"href":"https:\/\/petitmagellan.com\/index.php?rest_route=%2Fwp%2Fv2%2Fcategories&post=14109"},{"taxonomy":"post_tag","embeddable":true,"href":"https:\/\/petitmagellan.com\/index.php?rest_route=%2Fwp%2Fv2%2Ftags&post=14109"}],"curies":[{"name":"wp","href":"https:\/\/api.w.org\/{rel}","templated":true}]}}