{"id":14108,"date":"2021-07-16T22:55:00","date_gmt":"2021-07-16T21:55:00","guid":{"rendered":"http:\/\/petitmagellan.com\/?p=8709"},"modified":"2021-07-16T22:55:00","modified_gmt":"2021-07-16T21:55:00","slug":"armand-a-7-mois","status":"publish","type":"post","link":"https:\/\/petitmagellan.com\/?p=14108","title":{"rendered":"Armand a 7 mois"},"content":{"rendered":"\n<figure class=\"wp-block-gallery has-nested-images columns-default is-cropped wp-block-gallery-1 is-layout-flex wp-block-gallery-is-layout-flex\">\n<figure class=\"wp-block-image size-large\"><img loading=\"lazy\" decoding=\"async\" width=\"2524\" height=\"2460\" data-id=\"8974\" src=\"https:\/\/petitmagellan.files.wordpress.com\/2021\/07\/dscf2735-1.jpg?w=1024\" alt=\"\" class=\"wp-image-8974\" srcset=\"https:\/\/petitmagellan.com\/wp-content\/uploads\/2021\/07\/dscf2735-1.jpg 2524w, https:\/\/petitmagellan.com\/wp-content\/uploads\/2021\/07\/dscf2735-1-300x292.jpg 300w, https:\/\/petitmagellan.com\/wp-content\/uploads\/2021\/07\/dscf2735-1-1024x998.jpg 1024w, https:\/\/petitmagellan.com\/wp-content\/uploads\/2021\/07\/dscf2735-1-768x749.jpg 768w, https:\/\/petitmagellan.com\/wp-content\/uploads\/2021\/07\/dscf2735-1-1536x1497.jpg 1536w, https:\/\/petitmagellan.com\/wp-content\/uploads\/2021\/07\/dscf2735-1-2048x1996.jpg 2048w\" sizes=\"auto, (max-width: 709px) 85vw, (max-width: 909px) 67vw, (max-width: 1362px) 62vw, 840px\" \/><\/figure>\n<\/figure>\n\n\n\n<p>Notre petit Armundt va tr\u00e8s bien. Il est toujours aussi calme et tranquille la journ\u00e9e. Parmi les nouveaut\u00e9s : il recule \/ rampe bien en arri\u00e8re (et se met presque \u00e0 quatre pattes pour le faire), il se coince sous les meubles et pousse des cris aigus pour exprimer son m\u00e9contentement, par exemple quand un jouet lui \u00e9chappe des mains.<\/p>\n\n\n\n<figure class=\"wp-block-gallery has-nested-images columns-2 is-cropped wp-block-gallery-2 is-layout-flex wp-block-gallery-is-layout-flex\">\n<figure class=\"wp-block-image size-large\"><img decoding=\"async\" data-id=\"8851\" src=\"https:\/\/petitmagellan.files.wordpress.com\/2021\/07\/img_2093.jpg?w=768\" alt=\"\" class=\"wp-image-8851\" \/><\/figure>\n\n\n\n<figure class=\"wp-block-image size-large\"><img decoding=\"async\" data-id=\"8701\" src=\"https:\/\/petitmagellan.files.wordpress.com\/2021\/06\/img_1935.jpg?w=768\" alt=\"\" class=\"wp-image-8701\" \/><\/figure>\n\n\n\n<figure class=\"wp-block-image size-large\"><img decoding=\"async\" data-id=\"8922\" src=\"https:\/\/petitmagellan.files.wordpress.com\/2021\/07\/img_2420-1.jpg?w=768\" alt=\"\" class=\"wp-image-8922\" \/><\/figure>\n\n\n\n<figure class=\"wp-block-image size-large\"><img decoding=\"async\" data-id=\"8970\" src=\"https:\/\/petitmagellan.files.wordpress.com\/2021\/07\/img_2631.jpg?w=768\" alt=\"\" class=\"wp-image-8970\" \/><\/figure>\n\n\n\n<figure class=\"wp-block-image size-large\"><img decoding=\"async\" data-id=\"8961\" src=\"https:\/\/petitmagellan.files.wordpress.com\/2021\/07\/image-3-2.jpg?w=1024\" alt=\"\" class=\"wp-image-8961\" \/><\/figure>\n\n\n\n<figure class=\"wp-block-image size-large\"><img decoding=\"async\" data-id=\"8962\" src=\"https:\/\/petitmagellan.files.wordpress.com\/2021\/07\/image-4-2.jpg?w=1024\" alt=\"\" class=\"wp-image-8962\" \/><\/figure>\n\n\n\n<figure class=\"wp-block-image size-large\"><img decoding=\"async\" data-id=\"11992\" src=\"https:\/\/petitmagellan.files.wordpress.com\/2022\/05\/image-5.jpg?w=769\" alt=\"\" class=\"wp-image-11992\" \/><\/figure>\n<\/figure>\n\n\n\n<p>Dans la poussette, que l\u2019on roule ou que l\u2019on soit \u00e0 l\u2019arr\u00eat pendant des heures aux jeux pour enfants, on ne l\u2019entend pas&#8230;<\/p>\n\n\n\n<figure class=\"wp-block-gallery has-nested-images columns-default is-cropped wp-block-gallery-3 is-layout-flex wp-block-gallery-is-layout-flex\">\n<figure class=\"wp-block-image size-large\"><img decoding=\"async\" data-id=\"8854\" src=\"https:\/\/petitmagellan.files.wordpress.com\/2021\/07\/img_2077.jpg?w=768\" alt=\"\" class=\"wp-image-8854\" \/><\/figure>\n<\/figure>\n\n\n\n<figure class=\"wp-block-gallery has-nested-images columns-2 is-cropped wp-block-gallery-4 is-layout-flex wp-block-gallery-is-layout-flex\">\n<figure class=\"wp-block-image size-large\"><img decoding=\"async\" data-id=\"8704\" src=\"https:\/\/petitmagellan.files.wordpress.com\/2021\/06\/img_1998.jpg?w=768\" alt=\"\" class=\"wp-image-8704\" \/><\/figure>\n\n\n\n<figure class=\"wp-block-image size-large\"><img decoding=\"async\" data-id=\"8983\" src=\"https:\/\/petitmagellan.files.wordpress.com\/2021\/07\/image-8-1.jpg?w=769\" alt=\"\" class=\"wp-image-8983\" \/><\/figure>\n\n\n\n<figure class=\"wp-block-image size-large\"><img decoding=\"async\" data-id=\"8706\" src=\"https:\/\/petitmagellan.files.wordpress.com\/2021\/06\/img_2002.jpg?w=768\" alt=\"\" class=\"wp-image-8706\" \/><\/figure>\n\n\n\n<figure class=\"wp-block-image size-large\"><img decoding=\"async\" data-id=\"8966\" src=\"https:\/\/petitmagellan.files.wordpress.com\/2021\/07\/image-6-1.jpg?w=769\" alt=\"\" class=\"wp-image-8966\" \/><\/figure>\n<\/figure>\n\n\n\n<p>C\u2019est toujours le soir et la nuit qu\u2019il est moins \u00ab tranquille \u00bb haha. On ne sait jamais trop comment se passera le coucher et, bien s\u00fbr, il se r\u00e9veille encore trois \u00e0 quatre fois la nuit, et il mange. Le moins que l\u2019on puisse dire c\u2019est qu\u2019il est bien nourri et qu\u2019il grandit bien !!<\/p>\n\n\n\n<figure class=\"wp-block-gallery has-nested-images columns-default is-cropped wp-block-gallery-5 is-layout-flex wp-block-gallery-is-layout-flex\">\n<figure class=\"wp-block-image size-large\"><img decoding=\"async\" data-id=\"8694\" src=\"https:\/\/petitmagellan.files.wordpress.com\/2021\/06\/img_1653.jpg?w=768\" alt=\"\" class=\"wp-image-8694\" \/><\/figure>\n\n\n\n<figure class=\"wp-block-image size-large\"><img decoding=\"async\" data-id=\"8949\" src=\"https:\/\/petitmagellan.files.wordpress.com\/2021\/07\/image-8.jpg?w=769\" alt=\"\" class=\"wp-image-8949\" \/><\/figure>\n<\/figure>\n\n\n\n<p>Je l\u2019ai d\u2019ailleurs emmen\u00e9 chez le m\u00e9decin en d\u00e9but de semaine pour des petits boutons (rien de grave) et il mesure donc 71 cm pour 7,6 kg. <\/p>\n\n\n\n<figure class=\"wp-block-gallery has-nested-images columns-default is-cropped wp-block-gallery-6 is-layout-flex wp-block-gallery-is-layout-flex\">\n<figure class=\"wp-block-image size-large\"><img decoding=\"async\" data-id=\"8952\" src=\"https:\/\/petitmagellan.files.wordpress.com\/2021\/07\/image-2-3.jpg?w=769\" alt=\"\" class=\"wp-image-8952\" \/><\/figure>\n\n\n\n<figure class=\"wp-block-image size-large\"><img decoding=\"async\" data-id=\"8919\" src=\"https:\/\/petitmagellan.files.wordpress.com\/2021\/07\/img_2520.jpg?w=768\" alt=\"\" class=\"wp-image-8919\" \/><\/figure>\n<\/figure>\n\n\n\n<p>Ce rendez-vous fut le parfait exemple de la diff\u00e9rence entre nos deux gar\u00e7ons : Armand, en parfait b\u00e9b\u00e9 calme, n\u2019a pas \u00e9mis un seul son et s\u2019est laiss\u00e9 ausculter par le m\u00e9decin sans probl\u00e8me (m\u00eame avec un b\u00e2tonnet dans la bouche), et Hugo&#8230; mon Hugo, toujours impressionn\u00e9 par les messieurs, qui \u00e9tait pourtant simplement l\u00e0 en accompagnant, a pleur\u00e9 du d\u00e9but \u00e0 la fin de la consultation&#8230; de vrais oppos\u00e9s !<\/p>\n\n\n\n<figure class=\"wp-block-gallery has-nested-images columns-1 is-cropped wp-block-gallery-7 is-layout-flex wp-block-gallery-is-layout-flex\">\n<figure class=\"wp-block-image size-large\"><img decoding=\"async\" data-id=\"8982\" src=\"https:\/\/petitmagellan.files.wordpress.com\/2021\/07\/image-7-1.jpg?w=892\" alt=\"\" class=\"wp-image-8982\" \/><\/figure>\n<\/figure>\n\n\n\n<p>Cette bouille d\u2019amour &lt;3<\/p>\n\n\n\n<figure class=\"wp-block-gallery has-nested-images columns-default is-cropped wp-block-gallery-8 is-layout-flex wp-block-gallery-is-layout-flex\">\n<figure class=\"wp-block-image size-large\"><img loading=\"lazy\" decoding=\"async\" width=\"1053\" height=\"1403\" data-id=\"8940\" src=\"https:\/\/petitmagellan.files.wordpress.com\/2021\/07\/image-7.jpg?w=769\" alt=\"\" class=\"wp-image-8940\" srcset=\"https:\/\/petitmagellan.com\/wp-content\/uploads\/2021\/07\/image-7.jpg 1053w, https:\/\/petitmagellan.com\/wp-content\/uploads\/2021\/07\/image-7-225x300.jpg 225w, https:\/\/petitmagellan.com\/wp-content\/uploads\/2021\/07\/image-7-769x1024.jpg 769w, https:\/\/petitmagellan.com\/wp-content\/uploads\/2021\/07\/image-7-768x1023.jpg 768w\" sizes=\"auto, (max-width: 709px) 85vw, (max-width: 909px) 67vw, (max-width: 1362px) 62vw, 840px\" \/><\/figure>\n<\/figure>\n\n\n\n<p>Joyeux 7 mois Armand !<\/p>\n","protected":false},"excerpt":{"rendered":"<p>Notre petit Armundt va tr\u00e8s bien. Il est toujours aussi calme et tranquille la journ\u00e9e. Parmi les nouveaut\u00e9s : il recule \/ rampe bien en arri\u00e8re (et se met presque \u00e0 quatre pattes pour le faire), il se coince sous les meubles et pousse des cris aigus pour exprimer son m\u00e9contentement, par exemple quand un &hellip; <a href=\"https:\/\/petitmagellan.com\/?p=14108\" class=\"more-link\">Continuer la lecture<span class=\"screen-reader-text\"> de &laquo;&nbsp;Armand a 7 mois&nbsp;&raquo;<\/span><\/a><\/p>\n","protected":false},"author":1,"featured_media":0,"comment_status":"open","ping_status":"open","sticky":false,"template":"","format":"standard","meta":{"footnotes":""},"categories":[2],"tags":[],"class_list":["post-14108","post","type-post","status-publish","format-standard","hentry","category-non-classe"],"_links":{"self":[{"href":"https:\/\/petitmagellan.com\/index.php?rest_route=\/wp\/v2\/posts\/14108","targetHints":{"allow":["GET"]}}],"collection":[{"href":"https:\/\/petitmagellan.com\/index.php?rest_route=\/wp\/v2\/posts"}],"about":[{"href":"https:\/\/petitmagellan.com\/index.php?rest_route=\/wp\/v2\/types\/post"}],"author":[{"embeddable":true,"href":"https:\/\/petitmagellan.com\/index.php?rest_route=\/wp\/v2\/users\/1"}],"replies":[{"embeddable":true,"href":"https:\/\/petitmagellan.com\/index.php?rest_route=%2Fwp%2Fv2%2Fcomments&post=14108"}],"version-history":[{"count":0,"href":"https:\/\/petitmagellan.com\/index.php?rest_route=\/wp\/v2\/posts\/14108\/revisions"}],"wp:attachment":[{"href":"https:\/\/petitmagellan.com\/index.php?rest_route=%2Fwp%2Fv2%2Fmedia&parent=14108"}],"wp:term":[{"taxonomy":"category","embeddable":true,"href":"https:\/\/petitmagellan.com\/index.php?rest_route=%2Fwp%2Fv2%2Fcategories&post=14108"},{"taxonomy":"post_tag","embeddable":true,"href":"https:\/\/petitmagellan.com\/index.php?rest_route=%2Fwp%2Fv2%2Ftags&post=14108"}],"curies":[{"name":"wp","href":"https:\/\/api.w.org\/{rel}","templated":true}]}}