{"id":14102,"date":"2021-04-16T20:15:00","date_gmt":"2021-04-16T19:15:00","guid":{"rendered":"http:\/\/petitmagellan.com\/?p=7548"},"modified":"2021-04-16T20:15:00","modified_gmt":"2021-04-16T19:15:00","slug":"armand-a-4-mois","status":"publish","type":"post","link":"https:\/\/petitmagellan.com\/?p=14102","title":{"rendered":"Armand a 4 mois"},"content":{"rendered":"\n<figure class=\"wp-block-gallery columns-1 is-cropped wp-block-gallery-1 is-layout-flex wp-block-gallery-is-layout-flex\"><ul class=\"blocks-gallery-grid\"><li class=\"blocks-gallery-item\"><figure><img loading=\"lazy\" decoding=\"async\" width=\"2279\" height=\"2283\" src=\"https:\/\/petitmagellan.files.wordpress.com\/2021\/04\/dscf2512-1.jpg?w=1022\" alt=\"\" data-id=\"7871\" data-link=\"https:\/\/petitmagellan.com\/dscf2512-1\/\" class=\"wp-image-7871\" srcset=\"https:\/\/petitmagellan.com\/wp-content\/uploads\/2021\/04\/dscf2512-1.jpg 2279w, https:\/\/petitmagellan.com\/wp-content\/uploads\/2021\/04\/dscf2512-1-300x300.jpg 300w, https:\/\/petitmagellan.com\/wp-content\/uploads\/2021\/04\/dscf2512-1-1022x1024.jpg 1022w, https:\/\/petitmagellan.com\/wp-content\/uploads\/2021\/04\/dscf2512-1-150x150.jpg 150w, https:\/\/petitmagellan.com\/wp-content\/uploads\/2021\/04\/dscf2512-1-768x769.jpg 768w, https:\/\/petitmagellan.com\/wp-content\/uploads\/2021\/04\/dscf2512-1-1533x1536.jpg 1533w, https:\/\/petitmagellan.com\/wp-content\/uploads\/2021\/04\/dscf2512-1-2044x2048.jpg 2044w\" sizes=\"auto, (max-width: 709px) 85vw, (max-width: 909px) 67vw, (max-width: 1362px) 62vw, 840px\" \/><\/figure><\/li><\/ul><\/figure>\n\n\n\n<p>Notre b\u00e9b\u00e9 bouge de plus en plus. Il pousse sur ses jambes, tourne sur lui-m\u00eame par terre, se met sur le c\u00f4t\u00e9 et ne va pas tarder \u00e0 se retourner sur le ventre.*<\/p>\n\n\n\n<figure class=\"wp-block-gallery columns-2 is-cropped wp-block-gallery-2 is-layout-flex wp-block-gallery-is-layout-flex\"><ul class=\"blocks-gallery-grid\"><li class=\"blocks-gallery-item\"><figure><img decoding=\"async\" src=\"https:\/\/petitmagellan.files.wordpress.com\/2021\/04\/img_9793.jpg\" data-id=\"7863\" class=\"wp-image-7863\" \/><\/figure><\/li><li class=\"blocks-gallery-item\"><figure><img decoding=\"async\" src=\"https:\/\/petitmagellan.files.wordpress.com\/2021\/04\/img_9794.jpg\" data-id=\"7864\" class=\"wp-image-7864\" \/><\/figure><\/li><\/ul><\/figure>\n\n\n\n<p>Il y est presque !<\/p>\n\n\n\n<figure class=\"wp-block-gallery columns-1 is-cropped wp-block-gallery-3 is-layout-flex wp-block-gallery-is-layout-flex\"><ul class=\"blocks-gallery-grid\"><li class=\"blocks-gallery-item\"><figure><img decoding=\"async\" src=\"https:\/\/petitmagellan.files.wordpress.com\/2021\/04\/image-7.jpg\" data-id=\"7866\" class=\"wp-image-7866\" \/><\/figure><\/li><\/ul><\/figure>\n\n\n\n<p>* Actualisation ce soir : il s\u2019est retourn\u00e9 tout \u00e0 l\u2019heure !! Bravo Armand \ud83d\ude42<\/p>\n\n\n\n<figure class=\"wp-block-gallery columns-2 is-cropped wp-block-gallery-4 is-layout-flex wp-block-gallery-is-layout-flex\"><ul class=\"blocks-gallery-grid\"><li class=\"blocks-gallery-item\"><figure><img decoding=\"async\" src=\"https:\/\/petitmagellan.files.wordpress.com\/2021\/04\/img_9823.jpg\" data-id=\"7876\" class=\"wp-image-7876\" \/><\/figure><\/li><li class=\"blocks-gallery-item\"><figure><img decoding=\"async\" src=\"https:\/\/petitmagellan.files.wordpress.com\/2021\/04\/img_9827.jpg\" data-id=\"7878\" class=\"wp-image-7878\" \/><\/figure><\/li><\/ul><\/figure>\n\n\n\n<p>C\u00f4t\u00e9 rythme il est toujours bien r\u00e9gl\u00e9 la journ\u00e9e et mange toutes les 3-4 heures, mais la nuit les r\u00e9veils sont beaucoup plus fr\u00e9quents. Heureusement qu\u2019il y a les siestes !<\/p>\n\n\n\n<figure class=\"wp-block-gallery columns-2 is-cropped wp-block-gallery-5 is-layout-flex wp-block-gallery-is-layout-flex\"><ul class=\"blocks-gallery-grid\"><li class=\"blocks-gallery-item\"><figure><img decoding=\"async\" src=\"https:\/\/petitmagellan.files.wordpress.com\/2021\/03\/img_8678-1.jpg\" data-id=\"7544\" class=\"wp-image-7544\" \/><\/figure><\/li><li class=\"blocks-gallery-item\"><figure><img decoding=\"async\" src=\"https:\/\/petitmagellan.files.wordpress.com\/2021\/03\/img_8683-1.jpg\" data-id=\"7546\" class=\"wp-image-7546\" \/><\/figure><\/li><li class=\"blocks-gallery-item\"><figure><img decoding=\"async\" src=\"https:\/\/petitmagellan.files.wordpress.com\/2021\/04\/img_9565.jpg\" data-id=\"7832\" class=\"wp-image-7832\" \/><\/figure><\/li><li class=\"blocks-gallery-item\"><figure><img decoding=\"async\" src=\"https:\/\/petitmagellan.files.wordpress.com\/2021\/04\/img_9585.jpg\" data-id=\"7836\" class=\"wp-image-7836\" \/><\/figure><\/li><\/ul><\/figure>\n\n\n\n<p>Sinon, il a commenc\u00e9 \u00e0 mettre du 6 mois et se porte toujours bien (on adore ses bonnes joues). Je surveille aussi ses gencives car il y a beaucoup de bave et de bulles depuis quelques temps.<\/p>\n\n\n\n<figure class=\"wp-block-gallery columns-2 is-cropped wp-block-gallery-6 is-layout-flex wp-block-gallery-is-layout-flex\"><ul class=\"blocks-gallery-grid\"><li class=\"blocks-gallery-item\"><figure><img decoding=\"async\" src=\"https:\/\/petitmagellan.files.wordpress.com\/2021\/04\/img_8839.jpg\" data-id=\"7818\" class=\"wp-image-7818\" \/><\/figure><\/li><li class=\"blocks-gallery-item\"><figure><img decoding=\"async\" src=\"https:\/\/petitmagellan.files.wordpress.com\/2021\/04\/img_9177.jpg\" data-id=\"7825\" class=\"wp-image-7825\" \/><\/figure><\/li><\/ul><\/figure>\n\n\n\n<p>Il est toujours calme et souriant, arrive de mieux en mieux \u00e0 manipuler ses petits jouets, adore \u00eatre avec son fr\u00e8re et continue de nous faire craquer avec ses grands \u00e9clats de rire \ud83d\ude42<\/p>\n\n\n\n<figure class=\"wp-block-gallery columns-2 is-cropped wp-block-gallery-7 is-layout-flex wp-block-gallery-is-layout-flex\"><ul class=\"blocks-gallery-grid\"><li class=\"blocks-gallery-item\"><figure><img decoding=\"async\" src=\"https:\/\/petitmagellan.files.wordpress.com\/2021\/04\/img_8820.jpg\" data-id=\"7814\" class=\"wp-image-7814\" \/><\/figure><\/li><li class=\"blocks-gallery-item\"><figure><img decoding=\"async\" src=\"https:\/\/petitmagellan.files.wordpress.com\/2021\/04\/img_9620.jpg\" data-id=\"7838\" class=\"wp-image-7838\" \/><\/figure><\/li><li class=\"blocks-gallery-item\"><figure><img decoding=\"async\" src=\"https:\/\/petitmagellan.files.wordpress.com\/2021\/04\/image-8.jpg\" data-id=\"7887\" class=\"wp-image-7887\" \/><\/figure><\/li><li class=\"blocks-gallery-item\"><figure><img decoding=\"async\" src=\"https:\/\/petitmagellan.files.wordpress.com\/2021\/04\/img_9714.jpg\" data-id=\"7842\" class=\"wp-image-7842\" \/><\/figure><\/li><\/ul><\/figure>\n\n\n\n<p>Et, c\u2019est forc\u00e9ment un peu le cas pour tous les b\u00e9b\u00e9s mais c\u2019est vrai que chez Armand c\u2019est sans \u00e9quivoque : il a besoin d\u2019\u00eatre coll\u00e9 \u00e0 sa maman, c\u2019est l\u00e0 qu\u2019il s\u2019apaise &lt;3<\/p>\n\n\n\n<figure class=\"wp-block-gallery columns-2 is-cropped wp-block-gallery-8 is-layout-flex wp-block-gallery-is-layout-flex\"><ul class=\"blocks-gallery-grid\"><li class=\"blocks-gallery-item\"><figure><img decoding=\"async\" src=\"https:\/\/petitmagellan.files.wordpress.com\/2021\/04\/image-1-5.jpg\" data-id=\"7888\" class=\"wp-image-7888\" \/><\/figure><\/li><li class=\"blocks-gallery-item\"><figure><img decoding=\"async\" src=\"https:\/\/petitmagellan.files.wordpress.com\/2021\/04\/img_2943-1.jpg\" data-id=\"7873\" class=\"wp-image-7873\" \/><\/figure><\/li><\/ul><\/figure>\n\n\n\n<p>Joyeux 4 mois Armand !<\/p>\n\n\n\n<figure class=\"wp-block-gallery columns-1 is-cropped wp-block-gallery-9 is-layout-flex wp-block-gallery-is-layout-flex\"><ul class=\"blocks-gallery-grid\"><li class=\"blocks-gallery-item\"><figure><img decoding=\"async\" src=\"https:\/\/petitmagellan.files.wordpress.com\/2021\/04\/img_9703.jpg\" data-id=\"7840\" class=\"wp-image-7840\" \/><\/figure><\/li><li class=\"blocks-gallery-item\"><figure><img decoding=\"async\" src=\"https:\/\/petitmagellan.files.wordpress.com\/2021\/04\/img_9573.jpg\" data-id=\"7833\" class=\"wp-image-7833\" \/><\/figure><\/li><\/ul><\/figure>\n","protected":false},"excerpt":{"rendered":"<p>Notre b\u00e9b\u00e9 bouge de plus en plus. Il pousse sur ses jambes, tourne sur lui-m\u00eame par terre, se met sur le c\u00f4t\u00e9 et ne va pas tarder \u00e0 se retourner sur le ventre.* Il y est presque ! * Actualisation ce soir : il s\u2019est retourn\u00e9 tout \u00e0 l\u2019heure !! Bravo Armand \ud83d\ude42 C\u00f4t\u00e9 rythme &hellip; <a href=\"https:\/\/petitmagellan.com\/?p=14102\" class=\"more-link\">Continuer la lecture<span class=\"screen-reader-text\"> de &laquo;&nbsp;Armand a 4 mois&nbsp;&raquo;<\/span><\/a><\/p>\n","protected":false},"author":1,"featured_media":0,"comment_status":"open","ping_status":"open","sticky":false,"template":"","format":"standard","meta":{"footnotes":""},"categories":[2],"tags":[],"class_list":["post-14102","post","type-post","status-publish","format-standard","hentry","category-non-classe"],"_links":{"self":[{"href":"https:\/\/petitmagellan.com\/index.php?rest_route=\/wp\/v2\/posts\/14102","targetHints":{"allow":["GET"]}}],"collection":[{"href":"https:\/\/petitmagellan.com\/index.php?rest_route=\/wp\/v2\/posts"}],"about":[{"href":"https:\/\/petitmagellan.com\/index.php?rest_route=\/wp\/v2\/types\/post"}],"author":[{"embeddable":true,"href":"https:\/\/petitmagellan.com\/index.php?rest_route=\/wp\/v2\/users\/1"}],"replies":[{"embeddable":true,"href":"https:\/\/petitmagellan.com\/index.php?rest_route=%2Fwp%2Fv2%2Fcomments&post=14102"}],"version-history":[{"count":0,"href":"https:\/\/petitmagellan.com\/index.php?rest_route=\/wp\/v2\/posts\/14102\/revisions"}],"wp:attachment":[{"href":"https:\/\/petitmagellan.com\/index.php?rest_route=%2Fwp%2Fv2%2Fmedia&parent=14102"}],"wp:term":[{"taxonomy":"category","embeddable":true,"href":"https:\/\/petitmagellan.com\/index.php?rest_route=%2Fwp%2Fv2%2Fcategories&post=14102"},{"taxonomy":"post_tag","embeddable":true,"href":"https:\/\/petitmagellan.com\/index.php?rest_route=%2Fwp%2Fv2%2Ftags&post=14102"}],"curies":[{"name":"wp","href":"https:\/\/api.w.org\/{rel}","templated":true}]}}