{"id":14092,"date":"2023-06-15T23:00:00","date_gmt":"2023-06-15T21:00:00","guid":{"rendered":"http:\/\/petitmagellan.com\/?p=14092"},"modified":"2023-06-29T19:01:32","modified_gmt":"2023-06-29T17:01:32","slug":"un-miracle","status":"publish","type":"post","link":"https:\/\/petitmagellan.com\/?p=14092","title":{"rendered":"Un miracle"},"content":{"rendered":"\n<p>Comment ai-je pu oublier \u00e7a ? Il me semble que c\u2019\u00e9tait le 30 mars&#8230;<\/p>\n\n\n\n<p>Quelques jours auparavant Armand s\u2019\u00e9tait mis \u00e0 m\u00e2chouiller sa t\u00e9tine et le bout allait se d\u00e9tacher, alors on la lui a enlev\u00e9e par peur qu\u2019il n\u2019avale ce petit bout dans la nuit et qu&rsquo;il s\u2019\u00e9touffe avec. Heureusement, nous avions sa deuxi\u00e8me t\u00e9tine de secours.<\/p>\n\n\n\n<p>Sauf qu\u2019il a fait exactement la m\u00eame chose avec celle-ci aussi. Au moment du coucher un soir, on remarque que l\u2019embout est sur le point de se d\u00e9tacher&#8230; trop dangereux. Je le coupe avec des ciseaux et on donne sa t\u00e9tine \u00e0 Armand l\u2019air de rien. Comme on le craignait, il la refuse cat\u00e9goriquement et la jette (contrairement \u00e0 Hugo qui s\u2019en contentait, m\u00eame coup\u00e9e).<\/p>\n\n\n\n<p>On se dit que c\u2019est la catastrophe, qu\u2019on va passer une nuit blanche et qu\u2019il va pleurer des heures \u00e9tant donn\u00e9 qu\u2019il n\u2019a jamais pass\u00e9 une seule nuit ni une seule sieste sans sa t\u00e9tine ador\u00e9e&#8230; <\/p>\n\n\n\n<p>Et c&rsquo;est l\u00e0 que le miracle se produit. Rien de rien, pas de pleurs, un petit r\u00e9veil dans la nuit mais qui est vite pass\u00e9. Le lendemain, je n\u2019en croyais pas mes yeux, une journ\u00e9e enti\u00e8re et une sieste sans t\u00e9tine aussi ! Et lorsqu\u2019il me la r\u00e9clamait, je lui montrais le bout coup\u00e9 et il me disait tout simplement \u00ab non ! \u00bb et passait \u00e0 autre chose !<\/p>\n\n\n\n<p>C&rsquo;\u00e9tait il y a plus de deux mois, et les jours qui ont suivi ont \u00e9t\u00e9 identiques. On peut donc bel et bien dire qu\u2019Armand n\u2019a plus de t\u00e9tine et, sur ce coup-l\u00e0, il nous a compl\u00e8tement scotch\u00e9s ! Un sevrage aussi rapide qu\u2019inesp\u00e9r\u00e9 \ud83d\ude42<\/p>\n","protected":false},"excerpt":{"rendered":"<p>Comment ai-je pu oublier \u00e7a ? Il me semble que c\u2019\u00e9tait le 30 mars&#8230; Quelques jours auparavant Armand s\u2019\u00e9tait mis \u00e0 m\u00e2chouiller sa t\u00e9tine et le bout allait se d\u00e9tacher, alors on la lui a enlev\u00e9e par peur qu\u2019il n\u2019avale ce petit bout dans la nuit et qu&rsquo;il s\u2019\u00e9touffe avec. Heureusement, nous avions sa deuxi\u00e8me &hellip; <a href=\"https:\/\/petitmagellan.com\/?p=14092\" class=\"more-link\">Continuer la lecture<span class=\"screen-reader-text\"> de &laquo;&nbsp;Un miracle&nbsp;&raquo;<\/span><\/a><\/p>\n","protected":false},"author":1,"featured_media":0,"comment_status":"open","ping_status":"open","sticky":false,"template":"","format":"standard","meta":{"footnotes":""},"categories":[2],"tags":[],"class_list":["post-14092","post","type-post","status-publish","format-standard","hentry","category-non-classe"],"_links":{"self":[{"href":"https:\/\/petitmagellan.com\/index.php?rest_route=\/wp\/v2\/posts\/14092","targetHints":{"allow":["GET"]}}],"collection":[{"href":"https:\/\/petitmagellan.com\/index.php?rest_route=\/wp\/v2\/posts"}],"about":[{"href":"https:\/\/petitmagellan.com\/index.php?rest_route=\/wp\/v2\/types\/post"}],"author":[{"embeddable":true,"href":"https:\/\/petitmagellan.com\/index.php?rest_route=\/wp\/v2\/users\/1"}],"replies":[{"embeddable":true,"href":"https:\/\/petitmagellan.com\/index.php?rest_route=%2Fwp%2Fv2%2Fcomments&post=14092"}],"version-history":[{"count":2,"href":"https:\/\/petitmagellan.com\/index.php?rest_route=\/wp\/v2\/posts\/14092\/revisions"}],"predecessor-version":[{"id":14577,"href":"https:\/\/petitmagellan.com\/index.php?rest_route=\/wp\/v2\/posts\/14092\/revisions\/14577"}],"wp:attachment":[{"href":"https:\/\/petitmagellan.com\/index.php?rest_route=%2Fwp%2Fv2%2Fmedia&parent=14092"}],"wp:term":[{"taxonomy":"category","embeddable":true,"href":"https:\/\/petitmagellan.com\/index.php?rest_route=%2Fwp%2Fv2%2Fcategories&post=14092"},{"taxonomy":"post_tag","embeddable":true,"href":"https:\/\/petitmagellan.com\/index.php?rest_route=%2Fwp%2Fv2%2Ftags&post=14092"}],"curies":[{"name":"wp","href":"https:\/\/api.w.org\/{rel}","templated":true}]}}