{"id":13865,"date":"2023-02-21T22:37:00","date_gmt":"2023-02-21T21:37:00","guid":{"rendered":"http:\/\/petitmagellan.com\/?p=13865"},"modified":"2023-02-21T22:37:00","modified_gmt":"2023-02-21T21:37:00","slug":"examen-des-2-ans","status":"publish","type":"post","link":"https:\/\/petitmagellan.com\/?p=13865","title":{"rendered":"Examen des 2 ans"},"content":{"rendered":"\n<p>Hier Armand a refait son examen des 2 ans, qui s\u2019\u00e9tait tr\u00e8s mal pass\u00e9 en d\u00e9cembre. Une nouvelle p\u00e9diatre proche de la maison et il \u00e9tait seul avec moi : les conditions \u00e9taient meilleures.<\/p>\n\n\n\n<p>\u00c7a s\u2019est bien pass\u00e9 et elle a pu l\u2019examiner malgr\u00e9 ses pleurs et son refus de coop\u00e9rer (le pire c\u2019est les oreilles !). \u00c0 26 mois, Armand mesure donc 90 cm et il a r\u00e9ussi quasiment tous les tests propos\u00e9s sauf quand il s\u2019agissait de parler. Il a encore beaucoup son langage de b\u00e9b\u00e9 m\u00eame si avec Alex on remarque, nous, de gros progr\u00e8s depuis quelques semaines. Il prend son temps mais je suis s\u00fbre qu\u2019il va s\u2019y mettre en temps et en heure \ud83d\ude42<\/p>\n\n\n\n<p>Sinon, est-ce que j\u2019avais pr\u00e9cis\u00e9 qu\u2019une de ses dents du bas est enfin sortie ??!! Tout arrive \ud83d\ude42<\/p>\n\n\n\n<figure class=\"wp-block-gallery has-nested-images columns-default is-cropped wp-block-gallery-1 is-layout-flex wp-block-gallery-is-layout-flex\">\n<figure class=\"wp-block-image size-large\"><img decoding=\"async\" data-id=\"13902\" src=\"https:\/\/petitmagellan.files.wordpress.com\/2023\/02\/image-13.jpg?w=952\" alt=\"\" class=\"wp-image-13902\" \/><\/figure>\n<\/figure>\n","protected":false},"excerpt":{"rendered":"<p>Hier Armand a refait son examen des 2 ans, qui s\u2019\u00e9tait tr\u00e8s mal pass\u00e9 en d\u00e9cembre. Une nouvelle p\u00e9diatre proche de la maison et il \u00e9tait seul avec moi : les conditions \u00e9taient meilleures. \u00c7a s\u2019est bien pass\u00e9 et elle a pu l\u2019examiner malgr\u00e9 ses pleurs et son refus de coop\u00e9rer (le pire c\u2019est les &hellip; <a href=\"https:\/\/petitmagellan.com\/?p=13865\" class=\"more-link\">Continuer la lecture<span class=\"screen-reader-text\"> de &laquo;&nbsp;Examen des 2 ans&nbsp;&raquo;<\/span><\/a><\/p>\n","protected":false},"author":1,"featured_media":0,"comment_status":"open","ping_status":"open","sticky":false,"template":"","format":"standard","meta":{"footnotes":""},"categories":[2],"tags":[],"class_list":["post-13865","post","type-post","status-publish","format-standard","hentry","category-non-classe"],"_links":{"self":[{"href":"https:\/\/petitmagellan.com\/index.php?rest_route=\/wp\/v2\/posts\/13865","targetHints":{"allow":["GET"]}}],"collection":[{"href":"https:\/\/petitmagellan.com\/index.php?rest_route=\/wp\/v2\/posts"}],"about":[{"href":"https:\/\/petitmagellan.com\/index.php?rest_route=\/wp\/v2\/types\/post"}],"author":[{"embeddable":true,"href":"https:\/\/petitmagellan.com\/index.php?rest_route=\/wp\/v2\/users\/1"}],"replies":[{"embeddable":true,"href":"https:\/\/petitmagellan.com\/index.php?rest_route=%2Fwp%2Fv2%2Fcomments&post=13865"}],"version-history":[{"count":0,"href":"https:\/\/petitmagellan.com\/index.php?rest_route=\/wp\/v2\/posts\/13865\/revisions"}],"wp:attachment":[{"href":"https:\/\/petitmagellan.com\/index.php?rest_route=%2Fwp%2Fv2%2Fmedia&parent=13865"}],"wp:term":[{"taxonomy":"category","embeddable":true,"href":"https:\/\/petitmagellan.com\/index.php?rest_route=%2Fwp%2Fv2%2Fcategories&post=13865"},{"taxonomy":"post_tag","embeddable":true,"href":"https:\/\/petitmagellan.com\/index.php?rest_route=%2Fwp%2Fv2%2Ftags&post=13865"}],"curies":[{"name":"wp","href":"https:\/\/api.w.org\/{rel}","templated":true}]}}