{"id":13779,"date":"2023-02-12T15:20:00","date_gmt":"2023-02-12T14:20:00","guid":{"rendered":"http:\/\/petitmagellan.com\/?p=13779"},"modified":"2023-02-12T15:20:00","modified_gmt":"2023-02-12T14:20:00","slug":"adieu-la-sieste-et-la-tetine","status":"publish","type":"post","link":"https:\/\/petitmagellan.com\/?p=13779","title":{"rendered":"Adieu la sieste&#8230; et la t\u00e9tine ?"},"content":{"rendered":"\n<p>Petite parenth\u00e8se pour dire que depuis environ deux semaines, Hugo ne fait quasiment plus la sieste. \u00c7a a commenc\u00e9 par des siestes de plus en plus courtes, avec de nombreux r\u00e9veils et appels, puis des siestes tous les 2-3 jours&#8230; et l\u00e0 je crois que c\u2019est fini pour de bon ! Il n\u2019a plus sommeil, ne veut plus dormir ni m\u00eame rester au calme et descend me voir syst\u00e9matiquement dans le salon. Dommage car moi j\u2019en ai toujours besoin !!!<\/p>\n\n\n\n<p>C\u2019est une sacr\u00e9e \u00e9tape qu\u2019il vient de passer&#8230; Je ne pensais juste pas que ce serait aussi rapide car il faisait quand m\u00eame encore des siestes de deux\/trois heures tout r\u00e9cemment !<\/p>\n\n\n\n<p>Et puis, une chose en entra\u00eenant une autre, il a aussi cass\u00e9 sa t\u00e9tine (qu\u2019il prend toujours pour dormir) \u00e0 force d\u2019en mordre le bout, on esp\u00e8re donc enfin en finir avec \u00e7a !! Il peut toujours la mettre dans la bouche mais on se dit qu\u2019il va finir par se lasser s\u2019il n\u2019y a plus rien \u00e0 sucer ou \u00e0 m\u00e2chouiller. Croisons les doigts car la strat\u00e9gie de la donner au P\u00e8re No\u00ebl n\u2019a pas du tout fonctionn\u00e9 et on a l\u00e0 une occasion en or !!<\/p>\n\n\n\n<figure class=\"wp-block-gallery has-nested-images columns-default is-cropped wp-block-gallery-1 is-layout-flex wp-block-gallery-is-layout-flex\">\n<figure class=\"wp-block-image size-large\"><img decoding=\"async\" data-id=\"13784\" src=\"https:\/\/petitmagellan.files.wordpress.com\/2023\/02\/image-8.jpg?w=1024\" alt=\"\" class=\"wp-image-13784\" \/><\/figure>\n<\/figure>\n","protected":false},"excerpt":{"rendered":"<p>Petite parenth\u00e8se pour dire que depuis environ deux semaines, Hugo ne fait quasiment plus la sieste. \u00c7a a commenc\u00e9 par des siestes de plus en plus courtes, avec de nombreux r\u00e9veils et appels, puis des siestes tous les 2-3 jours&#8230; et l\u00e0 je crois que c\u2019est fini pour de bon ! Il n\u2019a plus sommeil, &hellip; <a href=\"https:\/\/petitmagellan.com\/?p=13779\" class=\"more-link\">Continuer la lecture<span class=\"screen-reader-text\"> de &laquo;&nbsp;Adieu la sieste&#8230; et la t\u00e9tine ?&nbsp;&raquo;<\/span><\/a><\/p>\n","protected":false},"author":1,"featured_media":0,"comment_status":"open","ping_status":"open","sticky":false,"template":"","format":"standard","meta":{"footnotes":""},"categories":[2],"tags":[],"class_list":["post-13779","post","type-post","status-publish","format-standard","hentry","category-non-classe"],"_links":{"self":[{"href":"https:\/\/petitmagellan.com\/index.php?rest_route=\/wp\/v2\/posts\/13779","targetHints":{"allow":["GET"]}}],"collection":[{"href":"https:\/\/petitmagellan.com\/index.php?rest_route=\/wp\/v2\/posts"}],"about":[{"href":"https:\/\/petitmagellan.com\/index.php?rest_route=\/wp\/v2\/types\/post"}],"author":[{"embeddable":true,"href":"https:\/\/petitmagellan.com\/index.php?rest_route=\/wp\/v2\/users\/1"}],"replies":[{"embeddable":true,"href":"https:\/\/petitmagellan.com\/index.php?rest_route=%2Fwp%2Fv2%2Fcomments&post=13779"}],"version-history":[{"count":0,"href":"https:\/\/petitmagellan.com\/index.php?rest_route=\/wp\/v2\/posts\/13779\/revisions"}],"wp:attachment":[{"href":"https:\/\/petitmagellan.com\/index.php?rest_route=%2Fwp%2Fv2%2Fmedia&parent=13779"}],"wp:term":[{"taxonomy":"category","embeddable":true,"href":"https:\/\/petitmagellan.com\/index.php?rest_route=%2Fwp%2Fv2%2Fcategories&post=13779"},{"taxonomy":"post_tag","embeddable":true,"href":"https:\/\/petitmagellan.com\/index.php?rest_route=%2Fwp%2Fv2%2Ftags&post=13779"}],"curies":[{"name":"wp","href":"https:\/\/api.w.org\/{rel}","templated":true}]}}