{"id":13639,"date":"2023-02-02T17:45:00","date_gmt":"2023-02-02T16:45:00","guid":{"rendered":"http:\/\/petitmagellan.com\/?p=13639"},"modified":"2023-02-02T17:45:00","modified_gmt":"2023-02-02T16:45:00","slug":"hugo","status":"publish","type":"post","link":"https:\/\/petitmagellan.com\/?p=13639","title":{"rendered":"Hugo"},"content":{"rendered":"\n<p>Avec Hugo, on est toujours en pleines montagnes russes des \u00e9motions. Il n\u2019ob\u00e9it pas beaucoup et la moindre frustration se transforme vite en \u00e9norme col\u00e8re&#8230; Il faut essayer de faire preuve de patience mais j\u2019en manque parfois et je m\u2019en veux !<\/p>\n\n\n\n<p>\u00c0 c\u00f4t\u00e9 de \u00e7a, Hugo est un petit gar\u00e7on tr\u00e8s affectueux, attentionn\u00e9 et gentil. Lors du rendez-vous avec sa ma\u00eetresse, elle a dit qu\u2019il avait beaucoup grandi depuis la rentr\u00e9e de septembre et je le vois bien&#8230; Il est content de faire plein de choses en classe, au gymnase et dans la cour de r\u00e9cr\u00e9ation, me parle de ses camarades et me raconte toujours en d\u00e9tails ses matin\u00e9es (j\u2019ai de la chance !). Il a h\u00e2te d\u2019\u00eatre en moyenne section et il m\u2019a dit qu\u2019il prot\u00e8gera son fr\u00e8re qui sera dans la m\u00eame classe que lui l\u2019ann\u00e9e prochaine &lt;3<\/p>\n\n\n\n<figure class=\"wp-block-gallery has-nested-images columns-default is-cropped wp-block-gallery-1 is-layout-flex wp-block-gallery-is-layout-flex\">\n<figure class=\"wp-block-image size-large\"><img loading=\"lazy\" decoding=\"async\" width=\"828\" height=\"1060\" data-id=\"13642\" src=\"https:\/\/petitmagellan.files.wordpress.com\/2023\/02\/img_4977.jpg?w=800\" alt=\"\" class=\"wp-image-13642\" srcset=\"https:\/\/petitmagellan.com\/wp-content\/uploads\/2023\/02\/img_4977.jpg 828w, https:\/\/petitmagellan.com\/wp-content\/uploads\/2023\/02\/img_4977-234x300.jpg 234w, https:\/\/petitmagellan.com\/wp-content\/uploads\/2023\/02\/img_4977-800x1024.jpg 800w, https:\/\/petitmagellan.com\/wp-content\/uploads\/2023\/02\/img_4977-768x983.jpg 768w\" sizes=\"auto, (max-width: 709px) 85vw, (max-width: 909px) 67vw, (max-width: 984px) 61vw, (max-width: 1362px) 45vw, 600px\" \/><\/figure>\n<\/figure>\n\n\n\n<p>M\u00eame s\u2019il n\u2019a quasiment pas parl\u00e9 lorsque l\u2019infirmi\u00e8re de la PMI est venue pour la visite m\u00e9dicale, il s\u2019exprime tr\u00e8s bien et son langage \u00e9volue de jour en jour. Il me fait toujours autant rire quand il \u00e9corche des mots ou qu\u2019il dit des phrases et des expressions dans le mauvais contexte. <\/p>\n\n\n\n<p>Quelques exemples que j\u2019ai not\u00e9s :<\/p>\n\n\n\n<p>&#8211; \u00ab Maman quand tu auras 14 tu vas grandir \u00bb<\/p>\n\n\n\n<p>&#8211; En parlant de l\u2019avocat qu\u2019il est en train de manger : \u00ab Il est pas d\u00e9licieux parce qu\u2019il est un p\u2019tit peu pas bon mais il est beaucoup bon quand m\u00eame \u00bb<\/p>\n\n\n\n<p>&#8211; Son fameux \u00ab Maman tu peux t\u2019en valler \u00bb<\/p>\n\n\n\n<p>&#8211; Quand Armand est en col\u00e8re : \u00ab Il fait son coquin \u00bb<\/p>\n\n\n\n<p>&#8211; \u00ab Quand on a pris l\u2019avion on a mis les valises dans la soupe \u00bb &#8230; au lieu de \u00ab soute \u00bb<\/p>\n\n\n\n<p>&#8211; \u00ab clo-cli-clot \u00bb pour coquelicot <\/p>\n\n\n\n<p>Et plein d\u2019autres \u00e0 venir j\u2019en suis s\u00fbre \ud83d\ude42<\/p>\n\n\n\n<figure class=\"wp-block-gallery has-nested-images columns-default is-cropped wp-block-gallery-2 is-layout-flex wp-block-gallery-is-layout-flex\">\n<figure class=\"wp-block-image size-large\"><img decoding=\"async\" data-id=\"13643\" src=\"https:\/\/petitmagellan.files.wordpress.com\/2023\/02\/img_5179.jpg?w=768\" alt=\"\" class=\"wp-image-13643\" \/><\/figure>\n<\/figure>\n\n\n\n<p>Je l\u2019adore !<\/p>\n","protected":false},"excerpt":{"rendered":"<p>Avec Hugo, on est toujours en pleines montagnes russes des \u00e9motions. Il n\u2019ob\u00e9it pas beaucoup et la moindre frustration se transforme vite en \u00e9norme col\u00e8re&#8230; Il faut essayer de faire preuve de patience mais j\u2019en manque parfois et je m\u2019en veux ! \u00c0 c\u00f4t\u00e9 de \u00e7a, Hugo est un petit gar\u00e7on tr\u00e8s affectueux, attentionn\u00e9 et &hellip; <a href=\"https:\/\/petitmagellan.com\/?p=13639\" class=\"more-link\">Continuer la lecture<span class=\"screen-reader-text\"> de &laquo;&nbsp;Hugo&nbsp;&raquo;<\/span><\/a><\/p>\n","protected":false},"author":1,"featured_media":0,"comment_status":"open","ping_status":"open","sticky":false,"template":"","format":"standard","meta":{"footnotes":""},"categories":[2],"tags":[],"class_list":["post-13639","post","type-post","status-publish","format-standard","hentry","category-non-classe"],"_links":{"self":[{"href":"https:\/\/petitmagellan.com\/index.php?rest_route=\/wp\/v2\/posts\/13639","targetHints":{"allow":["GET"]}}],"collection":[{"href":"https:\/\/petitmagellan.com\/index.php?rest_route=\/wp\/v2\/posts"}],"about":[{"href":"https:\/\/petitmagellan.com\/index.php?rest_route=\/wp\/v2\/types\/post"}],"author":[{"embeddable":true,"href":"https:\/\/petitmagellan.com\/index.php?rest_route=\/wp\/v2\/users\/1"}],"replies":[{"embeddable":true,"href":"https:\/\/petitmagellan.com\/index.php?rest_route=%2Fwp%2Fv2%2Fcomments&post=13639"}],"version-history":[{"count":0,"href":"https:\/\/petitmagellan.com\/index.php?rest_route=\/wp\/v2\/posts\/13639\/revisions"}],"wp:attachment":[{"href":"https:\/\/petitmagellan.com\/index.php?rest_route=%2Fwp%2Fv2%2Fmedia&parent=13639"}],"wp:term":[{"taxonomy":"category","embeddable":true,"href":"https:\/\/petitmagellan.com\/index.php?rest_route=%2Fwp%2Fv2%2Fcategories&post=13639"},{"taxonomy":"post_tag","embeddable":true,"href":"https:\/\/petitmagellan.com\/index.php?rest_route=%2Fwp%2Fv2%2Ftags&post=13639"}],"curies":[{"name":"wp","href":"https:\/\/api.w.org\/{rel}","templated":true}]}}