{"id":13387,"date":"2022-12-16T22:07:00","date_gmt":"2022-12-16T21:07:00","guid":{"rendered":"http:\/\/petitmagellan.com\/?p=13387"},"modified":"2022-12-16T22:07:00","modified_gmt":"2022-12-16T21:07:00","slug":"armand-a-deux-ans","status":"publish","type":"post","link":"https:\/\/petitmagellan.com\/?p=13387","title":{"rendered":"Armand a deux ans !"},"content":{"rendered":"\n<p>Joyeux anniversaire \u00e0 notre petit amour !<\/p>\n\n\n\n<figure class=\"wp-block-gallery has-nested-images columns-1 is-cropped wp-block-gallery-1 is-layout-flex wp-block-gallery-is-layout-flex\">\n<figure class=\"wp-block-image size-large\"><img decoding=\"async\" data-id=\"13408\" src=\"https:\/\/petitmagellan.files.wordpress.com\/2022\/12\/img_3573.jpg?w=768\" alt=\"\" class=\"wp-image-13408\" \/><\/figure>\n\n\n\n<figure class=\"wp-block-image size-large\"><img decoding=\"async\" data-id=\"13410\" src=\"https:\/\/petitmagellan.files.wordpress.com\/2022\/12\/img_3575.jpg?w=768\" alt=\"\" class=\"wp-image-13410\" \/><\/figure>\n\n\n\n<figure class=\"wp-block-image size-large\"><img decoding=\"async\" data-id=\"13409\" src=\"https:\/\/petitmagellan.files.wordpress.com\/2022\/12\/img_3577.jpg?w=768\" alt=\"\" class=\"wp-image-13409\" \/><\/figure>\n\n\n\n<figure class=\"wp-block-image size-large\"><img decoding=\"async\" data-id=\"13406\" src=\"https:\/\/petitmagellan.files.wordpress.com\/2022\/12\/img_3570.jpg?w=684\" alt=\"\" class=\"wp-image-13406\" \/><\/figure>\n\n\n\n<figure class=\"wp-block-image size-large\"><img decoding=\"async\" data-id=\"13407\" src=\"https:\/\/petitmagellan.files.wordpress.com\/2022\/12\/img_3578.jpg?w=768\" alt=\"\" class=\"wp-image-13407\" \/><\/figure>\n<\/figure>\n\n\n\n<p>Je n\u2019arrive pas \u00e0 croire qu\u2019Armand est maintenant un petit gar\u00e7on de deux ans ! Le temps a fil\u00e9 tellement vite.<\/p>\n\n\n\n<p>Pour r\u00e9sumer Armand, je dirais qu\u2019il est tr\u00e8s attach\u00e9 \u00e0 sa maman. C\u2019est d\u2019ailleurs pour \u00e7a que j\u2019ai l\u2019impression d\u2019avoir encore un b\u00e9b\u00e9&#8230; Il r\u00e9clame \u00e9norm\u00e9ment les bras et a vraiment besoin de contact et de c\u00e2lins. <\/p>\n\n\n\n<figure class=\"wp-block-gallery has-nested-images columns-default is-cropped wp-block-gallery-2 is-layout-flex wp-block-gallery-is-layout-flex\">\n<figure class=\"wp-block-image size-large\"><img decoding=\"async\" data-id=\"13395\" src=\"https:\/\/petitmagellan.files.wordpress.com\/2022\/12\/image-1.jpg?w=1024\" alt=\"\" class=\"wp-image-13395\" \/><\/figure>\n<\/figure>\n\n\n\n<p>Ce qu\u2019il adore : sa t\u00e9tine, manger, jeter jouets et objets par terre, lire des livres (il aime beaucoup les images d\u2019animaux), faire du man\u00e8ge, danser avec son fr\u00e8re et \u00ab bricoler \u00bb. Les outils de son papa l\u2019int\u00e9ressent \u00e9norm\u00e9ment \ud83d\ude42<\/p>\n\n\n\n<figure class=\"wp-block-gallery has-nested-images columns-2 is-cropped wp-block-gallery-3 is-layout-flex wp-block-gallery-is-layout-flex\">\n<figure class=\"wp-block-image size-large\"><img decoding=\"async\" data-id=\"13385\" src=\"https:\/\/petitmagellan.files.wordpress.com\/2022\/12\/img_3525-1.jpg?w=768\" alt=\"\" class=\"wp-image-13385\" \/><\/figure>\n\n\n\n<figure class=\"wp-block-image size-large\"><img decoding=\"async\" data-id=\"13382\" src=\"https:\/\/petitmagellan.files.wordpress.com\/2022\/12\/img_3527.jpg?w=768\" alt=\"\" class=\"wp-image-13382\" \/><\/figure>\n\n\n\n<figure class=\"wp-block-image size-large\"><img decoding=\"async\" data-id=\"13394\" src=\"https:\/\/petitmagellan.files.wordpress.com\/2022\/12\/img_3539.jpg?w=768\" alt=\"\" class=\"wp-image-13394\" \/><\/figure>\n<\/figure>\n\n\n\n<p>\u00c9videmment, il adore son grand fr\u00e8re. Mais il aime aussi le griffer quand il est m\u00e9content&#8230;.<\/p>\n\n\n\n<figure class=\"wp-block-gallery has-nested-images columns-default is-cropped wp-block-gallery-4 is-layout-flex wp-block-gallery-is-layout-flex\">\n<figure class=\"wp-block-image size-large\"><img decoding=\"async\" data-id=\"13400\" src=\"https:\/\/petitmagellan.files.wordpress.com\/2022\/12\/image-2.jpg?w=1024\" alt=\"\" class=\"wp-image-13400\" \/><\/figure>\n<\/figure>\n\n\n\n<p>Il n\u2019aime pas le bain, qu\u2019on lui nettoie le visage ou les mains, d\u00e9teste ce qui est chapeau\/bonnet\/lunettes, pique une grosse col\u00e8re quand Hugo lui arrache un objet des mains et n\u2019a jamais voulu de doudou. Chose aussi que Hugo ne faisait pas : Armand boude haha. Il peut se mettre \u00e0 bouder en plein repas alors qu\u2019il a faim, et attendre plusieurs minutes avant de toucher son assiette juste parce qu\u2019on l\u2019a contrari\u00e9 en faisant\/disant quelque chose. Sacr\u00e9 caract\u00e8re !<\/p>\n\n\n\n<figure class=\"wp-block-gallery has-nested-images columns-default is-cropped wp-block-gallery-5 is-layout-flex wp-block-gallery-is-layout-flex\">\n<figure class=\"wp-block-image size-large\"><img loading=\"lazy\" decoding=\"async\" width=\"2261\" height=\"1696\" data-id=\"13416\" src=\"https:\/\/petitmagellan.files.wordpress.com\/2022\/12\/img_3533.jpg?w=1024\" alt=\"\" class=\"wp-image-13416\" srcset=\"https:\/\/petitmagellan.com\/wp-content\/uploads\/2022\/12\/img_3533.jpg 2261w, https:\/\/petitmagellan.com\/wp-content\/uploads\/2022\/12\/img_3533-300x225.jpg 300w, https:\/\/petitmagellan.com\/wp-content\/uploads\/2022\/12\/img_3533-1024x768.jpg 1024w, https:\/\/petitmagellan.com\/wp-content\/uploads\/2022\/12\/img_3533-768x576.jpg 768w, https:\/\/petitmagellan.com\/wp-content\/uploads\/2022\/12\/img_3533-1536x1152.jpg 1536w, https:\/\/petitmagellan.com\/wp-content\/uploads\/2022\/12\/img_3533-2048x1536.jpg 2048w\" sizes=\"auto, (max-width: 709px) 85vw, (max-width: 909px) 67vw, (max-width: 1362px) 62vw, 840px\" \/><\/figure>\n<\/figure>\n\n\n\n<p>\u00c0 part \u00e7a, il ne parle toujours presque pas et se contente de dire \u00ab kaka \u00bb en souriant quand on lui demande de r\u00e9p\u00e9ter un mot. Nous patienterons&#8230;<\/p>\n\n\n\n<figure class=\"wp-block-gallery has-nested-images columns-default is-cropped wp-block-gallery-6 is-layout-flex wp-block-gallery-is-layout-flex\">\n<figure class=\"wp-block-image size-large\"><img decoding=\"async\" data-id=\"13413\" src=\"https:\/\/petitmagellan.files.wordpress.com\/2022\/12\/img_3547.jpg?w=768\" alt=\"\" class=\"wp-image-13413\" \/><\/figure>\n\n\n\n<figure class=\"wp-block-image size-large\"><img decoding=\"async\" data-id=\"13414\" src=\"https:\/\/petitmagellan.files.wordpress.com\/2022\/12\/img_3548.jpg?w=768\" alt=\"\" class=\"wp-image-13414\" \/><\/figure>\n<\/figure>\n\n\n\n<p>En tout cas, il nous fait aussi beaucoup rire. L\u2019autre jour je l\u2019ai pris en photo avec un sacr\u00e9 look : t\u00e9tine en bouche, lumi\u00e8re disco dans une main, jouet Pinocchio dans l\u2019autre, et surtout, un antivol au cou en guise de collier haha.<\/p>\n\n\n\n<figure class=\"wp-block-gallery has-nested-images columns-default is-cropped wp-block-gallery-7 is-layout-flex wp-block-gallery-is-layout-flex\">\n<figure class=\"wp-block-image size-large\"><img decoding=\"async\" data-id=\"13399\" src=\"https:\/\/petitmagellan.files.wordpress.com\/2022\/12\/image-1-1.jpg?w=749\" alt=\"\" class=\"wp-image-13399\" \/><\/figure>\n<\/figure>\n\n\n\n<p>Tout \u00e0 l\u2019heure, il \u00e9tait marrant parce qu\u2019il a super bien souffl\u00e9 ses deux petites bougies, on voyait qu\u2019il \u00e9tait impatient de le faire \ud83d\ude42 <\/p>\n\n\n\n<p>Joyeux deux ans Armand &lt;3<\/p>\n\n\n\n<figure class=\"wp-block-gallery has-nested-images columns-1 is-cropped wp-block-gallery-8 is-layout-flex wp-block-gallery-is-layout-flex\">\n<figure class=\"wp-block-image size-large\"><img decoding=\"async\" data-id=\"13417\" src=\"https:\/\/petitmagellan.files.wordpress.com\/2022\/12\/img_3580.jpg?w=768\" alt=\"\" class=\"wp-image-13417\" \/><\/figure>\n\n\n\n<figure class=\"wp-block-image size-large\"><img decoding=\"async\" data-id=\"13419\" src=\"https:\/\/petitmagellan.files.wordpress.com\/2022\/12\/img_3583.jpg?w=768\" alt=\"\" class=\"wp-image-13419\" \/><\/figure>\n\n\n\n<figure class=\"wp-block-image size-large\"><img decoding=\"async\" data-id=\"13418\" src=\"https:\/\/petitmagellan.files.wordpress.com\/2022\/12\/img_3588.jpg?w=1024\" alt=\"\" class=\"wp-image-13418\" \/><\/figure>\n<\/figure>\n","protected":false},"excerpt":{"rendered":"<p>Joyeux anniversaire \u00e0 notre petit amour ! Je n\u2019arrive pas \u00e0 croire qu\u2019Armand est maintenant un petit gar\u00e7on de deux ans ! Le temps a fil\u00e9 tellement vite. Pour r\u00e9sumer Armand, je dirais qu\u2019il est tr\u00e8s attach\u00e9 \u00e0 sa maman. C\u2019est d\u2019ailleurs pour \u00e7a que j\u2019ai l\u2019impression d\u2019avoir encore un b\u00e9b\u00e9&#8230; Il r\u00e9clame \u00e9norm\u00e9ment les &hellip; <a href=\"https:\/\/petitmagellan.com\/?p=13387\" class=\"more-link\">Continuer la lecture<span class=\"screen-reader-text\"> de &laquo;&nbsp;Armand a deux ans !&nbsp;&raquo;<\/span><\/a><\/p>\n","protected":false},"author":1,"featured_media":0,"comment_status":"open","ping_status":"open","sticky":false,"template":"","format":"standard","meta":{"footnotes":""},"categories":[2],"tags":[],"class_list":["post-13387","post","type-post","status-publish","format-standard","hentry","category-non-classe"],"_links":{"self":[{"href":"https:\/\/petitmagellan.com\/index.php?rest_route=\/wp\/v2\/posts\/13387","targetHints":{"allow":["GET"]}}],"collection":[{"href":"https:\/\/petitmagellan.com\/index.php?rest_route=\/wp\/v2\/posts"}],"about":[{"href":"https:\/\/petitmagellan.com\/index.php?rest_route=\/wp\/v2\/types\/post"}],"author":[{"embeddable":true,"href":"https:\/\/petitmagellan.com\/index.php?rest_route=\/wp\/v2\/users\/1"}],"replies":[{"embeddable":true,"href":"https:\/\/petitmagellan.com\/index.php?rest_route=%2Fwp%2Fv2%2Fcomments&post=13387"}],"version-history":[{"count":0,"href":"https:\/\/petitmagellan.com\/index.php?rest_route=\/wp\/v2\/posts\/13387\/revisions"}],"wp:attachment":[{"href":"https:\/\/petitmagellan.com\/index.php?rest_route=%2Fwp%2Fv2%2Fmedia&parent=13387"}],"wp:term":[{"taxonomy":"category","embeddable":true,"href":"https:\/\/petitmagellan.com\/index.php?rest_route=%2Fwp%2Fv2%2Fcategories&post=13387"},{"taxonomy":"post_tag","embeddable":true,"href":"https:\/\/petitmagellan.com\/index.php?rest_route=%2Fwp%2Fv2%2Ftags&post=13387"}],"curies":[{"name":"wp","href":"https:\/\/api.w.org\/{rel}","templated":true}]}}