{"id":13376,"date":"2022-12-13T16:09:00","date_gmt":"2022-12-13T15:09:00","guid":{"rendered":"http:\/\/petitmagellan.com\/?p=13376"},"modified":"2022-12-13T16:09:00","modified_gmt":"2022-12-13T15:09:00","slug":"chez-le-pediatre-2","status":"publish","type":"post","link":"https:\/\/petitmagellan.com\/?p=13376","title":{"rendered":"Chez le p\u00e9diatre"},"content":{"rendered":"\n<p>Hier matin&#8230; le pire rendez-vous.<\/p>\n\n\n\n<figure class=\"wp-block-gallery has-nested-images columns-default is-cropped wp-block-gallery-1 is-layout-flex wp-block-gallery-is-layout-flex\">\n<figure class=\"wp-block-image size-large\"><img decoding=\"async\" data-id=\"13375\" src=\"https:\/\/petitmagellan.files.wordpress.com\/2022\/12\/img_3506.jpg?w=1024\" alt=\"\" class=\"wp-image-13375\" \/><\/figure>\n<\/figure>\n\n\n\n<p>C\u2019\u00e9tait l\u2019examen des deux ans pour Armand. Hugo est venu avec nous car il est de nouveau malade donc j\u2019en ai profit\u00e9. L\u00e9ger petit probl\u00e8me, il a tout simplement refus\u00e9 de se faire examiner.<\/p>\n\n\n\n<p>Quant \u00e0 Armand, il a hurl\u00e9 et s\u2019est d\u00e9battu dans tous les sens. Le p\u00e9diatre a tout juste pu le mesurer et le peser (d\u2019ailleurs il a oubli\u00e9 de tout noter dans le carnet). Concernant l\u2019examen des deux ans, rien n\u2019a pu \u00eatre test\u00e9\/v\u00e9rifi\u00e9&#8230; Armand s\u2019est content\u00e9 de crier, de jeter les jouets donn\u00e9s par le p\u00e9diatre et de s\u2019\u00e9taler par terre en r\u00e2lant. Je ne savais plus o\u00f9 me mettre !<\/p>\n\n\n\n<p>R\u00e9sultat de cet aller-retour inutile \u00e0 Lyon : on ne sait toujours pas de quoi souffre Hugo et aucun m\u00e9dicament de prescrit. Et un rendez-vous report\u00e9 dans deux mois pour Armand.<\/p>\n\n\n\n<p>Un merveilleux moment dont je me souviendrai longtemps. <\/p>\n\n\n\n<p>Une maman \u00e9prouv\u00e9e !<\/p>\n","protected":false},"excerpt":{"rendered":"<p>Hier matin&#8230; le pire rendez-vous. C\u2019\u00e9tait l\u2019examen des deux ans pour Armand. Hugo est venu avec nous car il est de nouveau malade donc j\u2019en ai profit\u00e9. L\u00e9ger petit probl\u00e8me, il a tout simplement refus\u00e9 de se faire examiner. Quant \u00e0 Armand, il a hurl\u00e9 et s\u2019est d\u00e9battu dans tous les sens. Le p\u00e9diatre a &hellip; <a href=\"https:\/\/petitmagellan.com\/?p=13376\" class=\"more-link\">Continuer la lecture<span class=\"screen-reader-text\"> de &laquo;&nbsp;Chez le p\u00e9diatre&nbsp;&raquo;<\/span><\/a><\/p>\n","protected":false},"author":1,"featured_media":0,"comment_status":"open","ping_status":"open","sticky":false,"template":"","format":"standard","meta":{"footnotes":""},"categories":[2],"tags":[],"class_list":["post-13376","post","type-post","status-publish","format-standard","hentry","category-non-classe"],"_links":{"self":[{"href":"https:\/\/petitmagellan.com\/index.php?rest_route=\/wp\/v2\/posts\/13376","targetHints":{"allow":["GET"]}}],"collection":[{"href":"https:\/\/petitmagellan.com\/index.php?rest_route=\/wp\/v2\/posts"}],"about":[{"href":"https:\/\/petitmagellan.com\/index.php?rest_route=\/wp\/v2\/types\/post"}],"author":[{"embeddable":true,"href":"https:\/\/petitmagellan.com\/index.php?rest_route=\/wp\/v2\/users\/1"}],"replies":[{"embeddable":true,"href":"https:\/\/petitmagellan.com\/index.php?rest_route=%2Fwp%2Fv2%2Fcomments&post=13376"}],"version-history":[{"count":0,"href":"https:\/\/petitmagellan.com\/index.php?rest_route=\/wp\/v2\/posts\/13376\/revisions"}],"wp:attachment":[{"href":"https:\/\/petitmagellan.com\/index.php?rest_route=%2Fwp%2Fv2%2Fmedia&parent=13376"}],"wp:term":[{"taxonomy":"category","embeddable":true,"href":"https:\/\/petitmagellan.com\/index.php?rest_route=%2Fwp%2Fv2%2Fcategories&post=13376"},{"taxonomy":"post_tag","embeddable":true,"href":"https:\/\/petitmagellan.com\/index.php?rest_route=%2Fwp%2Fv2%2Ftags&post=13376"}],"curies":[{"name":"wp","href":"https:\/\/api.w.org\/{rel}","templated":true}]}}