{"id":13278,"date":"2022-11-07T22:37:46","date_gmt":"2022-11-07T21:37:46","guid":{"rendered":"http:\/\/petitmagellan.com\/?p=13278"},"modified":"2022-11-07T22:37:46","modified_gmt":"2022-11-07T21:37:46","slug":"trois-ans-et-demi","status":"publish","type":"post","link":"https:\/\/petitmagellan.com\/?p=13278","title":{"rendered":"Trois ans et demi"},"content":{"rendered":"\n<p>Hugo a fait son retour \u00e0 l\u2019\u00e9cole ce matin apr\u00e8s deux semaines de vacances.<\/p>\n\n\n\n<p>Je suis super fi\u00e8re de lui parce qu\u2019il m\u2019a dit qu\u2019il avait pleur\u00e9 un tout petit peu mais qu\u2019il s\u2019\u00e9tait calm\u00e9 avec son doudou. \u00ab Heureusement que j\u2019ai mon doudou \u00e0 l\u2019\u00e9cole \u00bb &lt;3<\/p>\n\n\n\n<figure class=\"wp-block-gallery has-nested-images columns-default is-cropped wp-block-gallery-1 is-layout-flex wp-block-gallery-is-layout-flex\">\n<figure class=\"wp-block-image size-large\"><img decoding=\"async\" data-id=\"13274\" src=\"https:\/\/petitmagellan.files.wordpress.com\/2022\/11\/img_2252.jpg?w=1024\" alt=\"\" class=\"wp-image-13274\" \/><\/figure>\n<\/figure>\n\n\n\n<p>Et il \u00e9tait tellement heureux de me dire en sortant qu\u2019il avait fait du v\u00e9lo dans la cour de r\u00e9cr\u00e9ation \ud83d\ude42 <\/p>\n\n\n\n<p>Ce petit gar\u00e7on plein d\u2019\u00e9nergie va encore apprendre et d\u00e9couvrir plein de nouvelles choses et j\u2019ai h\u00e2te qu\u2019il me raconte tout \u00e7a.<\/p>\n\n\n\n<figure class=\"wp-block-gallery has-nested-images columns-default is-cropped wp-block-gallery-2 is-layout-flex wp-block-gallery-is-layout-flex\">\n<figure class=\"wp-block-image size-large\"><img decoding=\"async\" data-id=\"13277\" src=\"https:\/\/petitmagellan.files.wordpress.com\/2022\/11\/img_2293.jpg?w=1024\" alt=\"\" class=\"wp-image-13277\" \/><\/figure>\n<\/figure>\n\n\n\n<p>Joyeux 3 ans et demi mon grand Hugo !<\/p>\n","protected":false},"excerpt":{"rendered":"<p>Hugo a fait son retour \u00e0 l\u2019\u00e9cole ce matin apr\u00e8s deux semaines de vacances. Je suis super fi\u00e8re de lui parce qu\u2019il m\u2019a dit qu\u2019il avait pleur\u00e9 un tout petit peu mais qu\u2019il s\u2019\u00e9tait calm\u00e9 avec son doudou. \u00ab Heureusement que j\u2019ai mon doudou \u00e0 l\u2019\u00e9cole \u00bb &lt;3 Et il \u00e9tait tellement heureux de me &hellip; <a href=\"https:\/\/petitmagellan.com\/?p=13278\" class=\"more-link\">Continuer la lecture<span class=\"screen-reader-text\"> de &laquo;&nbsp;Trois ans et demi&nbsp;&raquo;<\/span><\/a><\/p>\n","protected":false},"author":1,"featured_media":0,"comment_status":"open","ping_status":"open","sticky":false,"template":"","format":"standard","meta":{"footnotes":""},"categories":[2],"tags":[],"class_list":["post-13278","post","type-post","status-publish","format-standard","hentry","category-non-classe"],"_links":{"self":[{"href":"https:\/\/petitmagellan.com\/index.php?rest_route=\/wp\/v2\/posts\/13278","targetHints":{"allow":["GET"]}}],"collection":[{"href":"https:\/\/petitmagellan.com\/index.php?rest_route=\/wp\/v2\/posts"}],"about":[{"href":"https:\/\/petitmagellan.com\/index.php?rest_route=\/wp\/v2\/types\/post"}],"author":[{"embeddable":true,"href":"https:\/\/petitmagellan.com\/index.php?rest_route=\/wp\/v2\/users\/1"}],"replies":[{"embeddable":true,"href":"https:\/\/petitmagellan.com\/index.php?rest_route=%2Fwp%2Fv2%2Fcomments&post=13278"}],"version-history":[{"count":0,"href":"https:\/\/petitmagellan.com\/index.php?rest_route=\/wp\/v2\/posts\/13278\/revisions"}],"wp:attachment":[{"href":"https:\/\/petitmagellan.com\/index.php?rest_route=%2Fwp%2Fv2%2Fmedia&parent=13278"}],"wp:term":[{"taxonomy":"category","embeddable":true,"href":"https:\/\/petitmagellan.com\/index.php?rest_route=%2Fwp%2Fv2%2Fcategories&post=13278"},{"taxonomy":"post_tag","embeddable":true,"href":"https:\/\/petitmagellan.com\/index.php?rest_route=%2Fwp%2Fv2%2Ftags&post=13278"}],"curies":[{"name":"wp","href":"https:\/\/api.w.org\/{rel}","templated":true}]}}