{"id":13275,"date":"2022-11-08T13:40:00","date_gmt":"2022-11-08T12:40:00","guid":{"rendered":"http:\/\/petitmagellan.com\/?p=13275"},"modified":"2022-11-08T13:40:00","modified_gmt":"2022-11-08T12:40:00","slug":"le-demenagement","status":"publish","type":"post","link":"https:\/\/petitmagellan.com\/?p=13275","title":{"rendered":"Le d\u00e9m\u00e9nagement"},"content":{"rendered":"\n<p>Il y a dix jours, pendant les vacances, nous avons enfin d\u00e9m\u00e9nag\u00e9 !!!<\/p>\n\n\n\n<p>Je n\u2019ai pas pris beaucoup de photos pendant cette p\u00e9riode parce que tout a \u00e9t\u00e9 tr\u00e8s prenant et intense : les cartons, les allers-retours, les d\u00e9marches, livraisons&#8230; et le week-end de d\u00e9m\u00e9nagement avec nos familles qui a \u00e9t\u00e9 un vrai tourbillon !<\/p>\n\n\n\n<p>Apr\u00e8s plus de 5 ans, nous avons donc dit au revoir \u00e0 notre appartement lyonnais.<\/p>\n\n\n\n<figure class=\"wp-block-gallery has-nested-images columns-default is-cropped wp-block-gallery-1 is-layout-flex wp-block-gallery-is-layout-flex\">\n<figure class=\"wp-block-image\"><img decoding=\"async\" data-id=\"13285\" src=\"https:\/\/petitmagellan.files.wordpress.com\/2022\/11\/img_2189.jpg?w=1024\" alt=\"\" class=\"wp-image-13285\" \/><\/figure>\n<\/figure>\n\n\n\n<p>Beaucoup d\u2019\u00e9motions en voyant toutes les pi\u00e8ces vides et en quittant ce quartier o\u00f9 nous serons rest\u00e9s 8 ans au total. Cet endroit restera pour toujours associ\u00e9 \u00e0 nos plus beaux moments : notre mariage civil, l\u2019arriv\u00e9e de nos gar\u00e7ons&#8230;<\/p>\n\n\n\n<p>Nous y avions toutes nos habitudes et j\u2019esp\u00e8re que Hugo, au moins, en gardera quelques souvenirs. Mais nous ne d\u00e9m\u00e9nageons vraiment pas loin et je compte bien revenir aussi souvent que possible !<\/p>\n\n\n\n<figure class=\"wp-block-gallery has-nested-images columns-1 is-cropped wp-block-gallery-2 is-layout-flex wp-block-gallery-is-layout-flex\">\n<figure class=\"wp-block-image size-large\"><img decoding=\"async\" data-id=\"13289\" src=\"https:\/\/petitmagellan.files.wordpress.com\/2022\/11\/img_2238.jpg?w=768\" alt=\"\" class=\"wp-image-13289\" \/><\/figure>\n\n\n\n<figure class=\"wp-block-image size-large\"><img decoding=\"async\" data-id=\"13288\" src=\"https:\/\/petitmagellan.files.wordpress.com\/2022\/11\/img_2243.jpg?w=768\" alt=\"\" class=\"wp-image-13288\" \/><\/figure>\n<\/figure>\n\n\n\n<p>C\u2019est parti pour un nouveau d\u00e9part et nous sommes, par-dessus tout, tr\u00e8s tr\u00e8s tr\u00e8s heureux de dire adieu aux escaliers !!!!!<\/p>\n\n\n\n<figure class=\"wp-block-gallery has-nested-images columns-default is-cropped wp-block-gallery-3 is-layout-flex wp-block-gallery-is-layout-flex\">\n<figure class=\"wp-block-image size-large\"><img decoding=\"async\" data-id=\"13286\" src=\"https:\/\/petitmagellan.files.wordpress.com\/2022\/11\/img_2225.jpg?w=1024\" alt=\"\" class=\"wp-image-13286\" \/><\/figure>\n<\/figure>\n","protected":false},"excerpt":{"rendered":"<p>Il y a dix jours, pendant les vacances, nous avons enfin d\u00e9m\u00e9nag\u00e9 !!! Je n\u2019ai pas pris beaucoup de photos pendant cette p\u00e9riode parce que tout a \u00e9t\u00e9 tr\u00e8s prenant et intense : les cartons, les allers-retours, les d\u00e9marches, livraisons&#8230; et le week-end de d\u00e9m\u00e9nagement avec nos familles qui a \u00e9t\u00e9 un vrai tourbillon ! &hellip; <a href=\"https:\/\/petitmagellan.com\/?p=13275\" class=\"more-link\">Continuer la lecture<span class=\"screen-reader-text\"> de &laquo;&nbsp;Le d\u00e9m\u00e9nagement&nbsp;&raquo;<\/span><\/a><\/p>\n","protected":false},"author":1,"featured_media":0,"comment_status":"open","ping_status":"open","sticky":false,"template":"","format":"standard","meta":{"footnotes":""},"categories":[2],"tags":[],"class_list":["post-13275","post","type-post","status-publish","format-standard","hentry","category-non-classe"],"_links":{"self":[{"href":"https:\/\/petitmagellan.com\/index.php?rest_route=\/wp\/v2\/posts\/13275","targetHints":{"allow":["GET"]}}],"collection":[{"href":"https:\/\/petitmagellan.com\/index.php?rest_route=\/wp\/v2\/posts"}],"about":[{"href":"https:\/\/petitmagellan.com\/index.php?rest_route=\/wp\/v2\/types\/post"}],"author":[{"embeddable":true,"href":"https:\/\/petitmagellan.com\/index.php?rest_route=\/wp\/v2\/users\/1"}],"replies":[{"embeddable":true,"href":"https:\/\/petitmagellan.com\/index.php?rest_route=%2Fwp%2Fv2%2Fcomments&post=13275"}],"version-history":[{"count":0,"href":"https:\/\/petitmagellan.com\/index.php?rest_route=\/wp\/v2\/posts\/13275\/revisions"}],"wp:attachment":[{"href":"https:\/\/petitmagellan.com\/index.php?rest_route=%2Fwp%2Fv2%2Fmedia&parent=13275"}],"wp:term":[{"taxonomy":"category","embeddable":true,"href":"https:\/\/petitmagellan.com\/index.php?rest_route=%2Fwp%2Fv2%2Fcategories&post=13275"},{"taxonomy":"post_tag","embeddable":true,"href":"https:\/\/petitmagellan.com\/index.php?rest_route=%2Fwp%2Fv2%2Ftags&post=13275"}],"curies":[{"name":"wp","href":"https:\/\/api.w.org\/{rel}","templated":true}]}}