{"id":1315,"date":"2019-10-12T18:26:00","date_gmt":"2019-10-12T17:26:00","guid":{"rendered":"http:\/\/petitmagellan.com\/?p=1315"},"modified":"2019-10-12T18:26:00","modified_gmt":"2019-10-12T17:26:00","slug":"sorties-lyonnaises","status":"publish","type":"post","link":"https:\/\/petitmagellan.com\/?p=1315","title":{"rendered":"Sorties lyonnaises"},"content":{"rendered":"\n<p>Le week-end dernier, grande balade au Parc de la T\u00eate d&rsquo;Or et soir\u00e9e anim\u00e9e dans un bouchon lyonnais pour Hugo et mes parents qui nous ont rendu visite \ud83d\ude42<\/p>\n\n\n\n<figure class=\"wp-block-gallery columns-2 is-cropped wp-block-gallery-1 is-layout-flex wp-block-gallery-is-layout-flex\"><ul class=\"blocks-gallery-grid\"><li class=\"blocks-gallery-item\"><figure><img decoding=\"async\" src=\"https:\/\/petitmagellan.files.wordpress.com\/2019\/10\/img_3455-1.jpg?w=768\" alt=\"\" data-id=\"1320\" data-link=\"https:\/\/petitmagellan.com\/img_3455-1\/\" class=\"wp-image-1320\" \/><\/figure><\/li><li class=\"blocks-gallery-item\"><figure><img decoding=\"async\" src=\"https:\/\/petitmagellan.files.wordpress.com\/2019\/10\/img_3458.jpg?w=768\" alt=\"\" data-id=\"1319\" data-link=\"https:\/\/petitmagellan.com\/img_3458\/\" class=\"wp-image-1319\" \/><\/figure><\/li><\/ul><\/figure>\n\n\n\n<p>Nous avons la chance d&rsquo;habiter \u00e0 un quart d&rsquo;heure \u00e0 pied du parc et, quelle que soit la saison, c&rsquo;est toujours une super sortie.<\/p>\n\n\n\n<figure class=\"wp-block-gallery columns-2 is-cropped wp-block-gallery-2 is-layout-flex wp-block-gallery-is-layout-flex\"><ul class=\"blocks-gallery-grid\"><li class=\"blocks-gallery-item\"><figure><img decoding=\"async\" src=\"https:\/\/petitmagellan.files.wordpress.com\/2019\/10\/img_3448.jpg?w=767\" alt=\"\" data-id=\"1323\" data-link=\"https:\/\/petitmagellan.com\/img_3448\/\" class=\"wp-image-1323\" \/><\/figure><\/li><li class=\"blocks-gallery-item\"><figure><img decoding=\"async\" src=\"https:\/\/petitmagellan.files.wordpress.com\/2019\/10\/img_3445.jpg?w=767\" alt=\"\" data-id=\"1324\" data-link=\"https:\/\/petitmagellan.com\/img_3445\/\" class=\"wp-image-1324\" \/><\/figure><\/li><\/ul><\/figure>\n\n\n\n<p>Idem pour les Halles de Lyon &#8211; Paul Bocuse qui ne sont pas loin et o\u00f9 on passerait des heures \u00e0 admirer les stands.<\/p>\n\n\n\n<figure class=\"wp-block-gallery aligncenter columns-2 is-cropped wp-block-gallery-3 is-layout-flex wp-block-gallery-is-layout-flex\"><ul class=\"blocks-gallery-grid\"><li class=\"blocks-gallery-item\"><figure><img decoding=\"async\" src=\"https:\/\/petitmagellan.files.wordpress.com\/2019\/10\/img_3597.jpg?w=750\" alt=\"\" data-id=\"1327\" class=\"wp-image-1327\" \/><\/figure><\/li><li class=\"blocks-gallery-item\"><figure><img decoding=\"async\" src=\"https:\/\/petitmagellan.files.wordpress.com\/2019\/10\/img_3490.jpg?w=767\" alt=\"\" data-id=\"1332\" data-link=\"https:\/\/petitmagellan.com\/img_3490\/\" class=\"wp-image-1332\" \/><\/figure><\/li><li class=\"blocks-gallery-item\"><figure><img decoding=\"async\" src=\"https:\/\/petitmagellan.files.wordpress.com\/2019\/10\/img_3493-3.jpg?w=1024\" alt=\"\" data-id=\"1343\" data-link=\"https:\/\/petitmagellan.com\/img_3493-3\/\" class=\"wp-image-1343\" \/><\/figure><\/li><li class=\"blocks-gallery-item\"><figure><img decoding=\"async\" src=\"https:\/\/petitmagellan.files.wordpress.com\/2019\/10\/img_3486.jpg?w=1024\" alt=\"\" data-id=\"1331\" data-link=\"https:\/\/petitmagellan.com\/img_3486\/\" class=\"wp-image-1331\" \/><\/figure><\/li><\/ul><\/figure>\n\n\n\n<p>Difficile de r\u00e9sister \u00e0 la gastronomie locale&#8230; Esp\u00e9rons que notre b\u00e9b\u00e9 sera aussi gourmand que nous plus tard !!<\/p>\n","protected":false},"excerpt":{"rendered":"<p>Le week-end dernier, grande balade au Parc de la T\u00eate d&rsquo;Or et soir\u00e9e anim\u00e9e dans un bouchon lyonnais pour Hugo et mes parents qui nous ont rendu visite \ud83d\ude42 Nous avons la chance d&rsquo;habiter \u00e0 un quart d&rsquo;heure \u00e0 pied du parc et, quelle que soit la saison, c&rsquo;est toujours une super sortie. Idem pour &hellip; <a href=\"https:\/\/petitmagellan.com\/?p=1315\" class=\"more-link\">Continuer la lecture<span class=\"screen-reader-text\"> de &laquo;&nbsp;Sorties lyonnaises&nbsp;&raquo;<\/span><\/a><\/p>\n","protected":false},"author":1,"featured_media":0,"comment_status":"open","ping_status":"open","sticky":false,"template":"","format":"standard","meta":{"footnotes":""},"categories":[2],"tags":[],"class_list":["post-1315","post","type-post","status-publish","format-standard","hentry","category-non-classe"],"_links":{"self":[{"href":"https:\/\/petitmagellan.com\/index.php?rest_route=\/wp\/v2\/posts\/1315","targetHints":{"allow":["GET"]}}],"collection":[{"href":"https:\/\/petitmagellan.com\/index.php?rest_route=\/wp\/v2\/posts"}],"about":[{"href":"https:\/\/petitmagellan.com\/index.php?rest_route=\/wp\/v2\/types\/post"}],"author":[{"embeddable":true,"href":"https:\/\/petitmagellan.com\/index.php?rest_route=\/wp\/v2\/users\/1"}],"replies":[{"embeddable":true,"href":"https:\/\/petitmagellan.com\/index.php?rest_route=%2Fwp%2Fv2%2Fcomments&post=1315"}],"version-history":[{"count":0,"href":"https:\/\/petitmagellan.com\/index.php?rest_route=\/wp\/v2\/posts\/1315\/revisions"}],"wp:attachment":[{"href":"https:\/\/petitmagellan.com\/index.php?rest_route=%2Fwp%2Fv2%2Fmedia&parent=1315"}],"wp:term":[{"taxonomy":"category","embeddable":true,"href":"https:\/\/petitmagellan.com\/index.php?rest_route=%2Fwp%2Fv2%2Fcategories&post=1315"},{"taxonomy":"post_tag","embeddable":true,"href":"https:\/\/petitmagellan.com\/index.php?rest_route=%2Fwp%2Fv2%2Ftags&post=1315"}],"curies":[{"name":"wp","href":"https:\/\/api.w.org\/{rel}","templated":true}]}}