{"id":13037,"date":"2022-09-02T21:26:00","date_gmt":"2022-09-02T20:26:00","guid":{"rendered":"http:\/\/petitmagellan.com\/?p=13037"},"modified":"2022-09-02T21:26:00","modified_gmt":"2022-09-02T20:26:00","slug":"petit-ecolier","status":"publish","type":"post","link":"https:\/\/petitmagellan.com\/?p=13037","title":{"rendered":"Petit \u00e9colier"},"content":{"rendered":"\n<p>Ce matin, avant d\u2019aller \u00e0 l\u2019\u00e9cole. <\/p>\n\n\n\n<figure class=\"wp-block-gallery has-nested-images columns-default is-cropped wp-block-gallery-1 is-layout-flex wp-block-gallery-is-layout-flex\">\n<figure class=\"wp-block-image size-large\"><img decoding=\"async\" data-id=\"13038\" src=\"https:\/\/petitmagellan.files.wordpress.com\/2022\/09\/img_9764.jpg?w=768\" alt=\"\" class=\"wp-image-13038\" \/><\/figure>\n<\/figure>\n\n\n\n<p>En attendant notre d\u00e9m\u00e9nagement, on va encha\u00eener les allers-retours depuis Lyon tous les matins, alors on prend le petit-d\u00e9jeuner sur le pouce.<\/p>\n\n\n\n<figure class=\"wp-block-gallery has-nested-images columns-default is-cropped wp-block-gallery-2 is-layout-flex wp-block-gallery-is-layout-flex\">\n<figure class=\"wp-block-image\"><img decoding=\"async\" data-id=\"13040\" src=\"https:\/\/petitmagellan.files.wordpress.com\/2022\/09\/img_9765.jpg?w=768\" alt=\"\" class=\"wp-image-13040\" \/><\/figure>\n<\/figure>\n\n\n\n<p>Ce fut de nouveau tr\u00e8s dur ce matin. Mon Hugo a beaucoup de mal \u00e0 me laisser partir&#8230; Et moi j\u2019ai du mal \u00e0 le laisser dans cet \u00e9tat ! Je crois qu\u2019il va lui falloir un certain temps pour s\u2019habituer. Bient\u00f4t, je l\u2019esp\u00e8re, les journ\u00e9es commenceront en douceur pour lui et pour tout le monde.<\/p>\n\n\n\n<p>En tout cas, au moment o\u00f9 j\u2019\u00e9cris, tout va bien, c\u2019est le week-end donc pas d\u2019\u00e9cole pendant deux jours !!<\/p>\n","protected":false},"excerpt":{"rendered":"<p>Ce matin, avant d\u2019aller \u00e0 l\u2019\u00e9cole. En attendant notre d\u00e9m\u00e9nagement, on va encha\u00eener les allers-retours depuis Lyon tous les matins, alors on prend le petit-d\u00e9jeuner sur le pouce. Ce fut de nouveau tr\u00e8s dur ce matin. Mon Hugo a beaucoup de mal \u00e0 me laisser partir&#8230; Et moi j\u2019ai du mal \u00e0 le laisser dans &hellip; <a href=\"https:\/\/petitmagellan.com\/?p=13037\" class=\"more-link\">Continuer la lecture<span class=\"screen-reader-text\"> de &laquo;&nbsp;Petit \u00e9colier&nbsp;&raquo;<\/span><\/a><\/p>\n","protected":false},"author":1,"featured_media":0,"comment_status":"open","ping_status":"open","sticky":false,"template":"","format":"standard","meta":{"footnotes":""},"categories":[2],"tags":[],"class_list":["post-13037","post","type-post","status-publish","format-standard","hentry","category-non-classe"],"_links":{"self":[{"href":"https:\/\/petitmagellan.com\/index.php?rest_route=\/wp\/v2\/posts\/13037","targetHints":{"allow":["GET"]}}],"collection":[{"href":"https:\/\/petitmagellan.com\/index.php?rest_route=\/wp\/v2\/posts"}],"about":[{"href":"https:\/\/petitmagellan.com\/index.php?rest_route=\/wp\/v2\/types\/post"}],"author":[{"embeddable":true,"href":"https:\/\/petitmagellan.com\/index.php?rest_route=\/wp\/v2\/users\/1"}],"replies":[{"embeddable":true,"href":"https:\/\/petitmagellan.com\/index.php?rest_route=%2Fwp%2Fv2%2Fcomments&post=13037"}],"version-history":[{"count":0,"href":"https:\/\/petitmagellan.com\/index.php?rest_route=\/wp\/v2\/posts\/13037\/revisions"}],"wp:attachment":[{"href":"https:\/\/petitmagellan.com\/index.php?rest_route=%2Fwp%2Fv2%2Fmedia&parent=13037"}],"wp:term":[{"taxonomy":"category","embeddable":true,"href":"https:\/\/petitmagellan.com\/index.php?rest_route=%2Fwp%2Fv2%2Fcategories&post=13037"},{"taxonomy":"post_tag","embeddable":true,"href":"https:\/\/petitmagellan.com\/index.php?rest_route=%2Fwp%2Fv2%2Ftags&post=13037"}],"curies":[{"name":"wp","href":"https:\/\/api.w.org\/{rel}","templated":true}]}}