{"id":13033,"date":"2022-09-01T22:22:00","date_gmt":"2022-09-01T21:22:00","guid":{"rendered":"http:\/\/petitmagellan.com\/?p=13033"},"modified":"2022-09-01T22:22:00","modified_gmt":"2022-09-01T21:22:00","slug":"la-frayeur-du-jour","status":"publish","type":"post","link":"https:\/\/petitmagellan.com\/?p=13033","title":{"rendered":"La frayeur du jour"},"content":{"rendered":"\n<p>La journ\u00e9e a \u00e9t\u00e9 tr\u00e8s intense car, en plus de la rentr\u00e9e ce matin, Armand est tomb\u00e9 de sa poussette cet apr\u00e8s-midi et a atterri la t\u00eate la premi\u00e8re sur une rambarde en m\u00e9tal&#8230;. Il avait du sang plein la bouche, mais heureusement rien de grave, juste la l\u00e8vre un peu coup\u00e9e. Et sa t\u00e9tine qu\u2019il avait au moment de sa chute.. coup\u00e9e en deux. Je crois qu\u2019elle a amorti le choc. Quelle peur j\u2019ai eu !<\/p>\n\n\n\n<p>Je n\u2019oublierai jamais cette journ\u00e9e !!<\/p>\n\n\n\n<figure class=\"wp-block-gallery has-nested-images columns-default is-cropped wp-block-gallery-1 is-layout-flex wp-block-gallery-is-layout-flex\">\n<figure class=\"wp-block-image size-large\"><img decoding=\"async\" data-id=\"13032\" src=\"https:\/\/petitmagellan.files.wordpress.com\/2022\/09\/img_9761.jpg?w=1024\" alt=\"\" class=\"wp-image-13032\" \/><\/figure>\n<\/figure>\n","protected":false},"excerpt":{"rendered":"<p>La journ\u00e9e a \u00e9t\u00e9 tr\u00e8s intense car, en plus de la rentr\u00e9e ce matin, Armand est tomb\u00e9 de sa poussette cet apr\u00e8s-midi et a atterri la t\u00eate la premi\u00e8re sur une rambarde en m\u00e9tal&#8230;. Il avait du sang plein la bouche, mais heureusement rien de grave, juste la l\u00e8vre un peu coup\u00e9e. Et sa t\u00e9tine &hellip; <a href=\"https:\/\/petitmagellan.com\/?p=13033\" class=\"more-link\">Continuer la lecture<span class=\"screen-reader-text\"> de &laquo;&nbsp;La frayeur du jour&nbsp;&raquo;<\/span><\/a><\/p>\n","protected":false},"author":1,"featured_media":0,"comment_status":"open","ping_status":"open","sticky":false,"template":"","format":"standard","meta":{"footnotes":""},"categories":[2],"tags":[],"class_list":["post-13033","post","type-post","status-publish","format-standard","hentry","category-non-classe"],"_links":{"self":[{"href":"https:\/\/petitmagellan.com\/index.php?rest_route=\/wp\/v2\/posts\/13033","targetHints":{"allow":["GET"]}}],"collection":[{"href":"https:\/\/petitmagellan.com\/index.php?rest_route=\/wp\/v2\/posts"}],"about":[{"href":"https:\/\/petitmagellan.com\/index.php?rest_route=\/wp\/v2\/types\/post"}],"author":[{"embeddable":true,"href":"https:\/\/petitmagellan.com\/index.php?rest_route=\/wp\/v2\/users\/1"}],"replies":[{"embeddable":true,"href":"https:\/\/petitmagellan.com\/index.php?rest_route=%2Fwp%2Fv2%2Fcomments&post=13033"}],"version-history":[{"count":0,"href":"https:\/\/petitmagellan.com\/index.php?rest_route=\/wp\/v2\/posts\/13033\/revisions"}],"wp:attachment":[{"href":"https:\/\/petitmagellan.com\/index.php?rest_route=%2Fwp%2Fv2%2Fmedia&parent=13033"}],"wp:term":[{"taxonomy":"category","embeddable":true,"href":"https:\/\/petitmagellan.com\/index.php?rest_route=%2Fwp%2Fv2%2Fcategories&post=13033"},{"taxonomy":"post_tag","embeddable":true,"href":"https:\/\/petitmagellan.com\/index.php?rest_route=%2Fwp%2Fv2%2Ftags&post=13033"}],"curies":[{"name":"wp","href":"https:\/\/api.w.org\/{rel}","templated":true}]}}