{"id":13022,"date":"2022-09-01T22:17:00","date_gmt":"2022-09-01T21:17:00","guid":{"rendered":"http:\/\/petitmagellan.com\/?p=13022"},"modified":"2022-09-01T22:17:00","modified_gmt":"2022-09-01T21:17:00","slug":"premiere-rentree","status":"publish","type":"post","link":"https:\/\/petitmagellan.com\/?p=13022","title":{"rendered":"Premi\u00e8re rentr\u00e9e"},"content":{"rendered":"\n<p>Rentr\u00e9e en petite section de Maternelle ce matin pour notre Hugo.<\/p>\n\n\n\n<figure class=\"wp-block-gallery has-nested-images columns-2 is-cropped wp-block-gallery-1 is-layout-flex wp-block-gallery-is-layout-flex\">\n<figure class=\"wp-block-image size-large\"><img decoding=\"async\" data-id=\"13020\" src=\"https:\/\/petitmagellan.files.wordpress.com\/2022\/09\/img_9729.jpg?w=768\" alt=\"\" class=\"wp-image-13020\" \/><\/figure>\n\n\n\n<figure class=\"wp-block-image size-large\"><img decoding=\"async\" data-id=\"13021\" src=\"https:\/\/petitmagellan.files.wordpress.com\/2022\/09\/img_9724.jpg?w=768\" alt=\"\" class=\"wp-image-13021\" \/><\/figure>\n\n\n\n<figure class=\"wp-block-image size-large\"><img decoding=\"async\" data-id=\"13018\" src=\"https:\/\/petitmagellan.files.wordpress.com\/2022\/09\/img_9732.jpg?w=768\" alt=\"\" class=\"wp-image-13018\" \/><\/figure>\n\n\n\n<figure class=\"wp-block-image size-large\"><img decoding=\"async\" data-id=\"13019\" src=\"https:\/\/petitmagellan.files.wordpress.com\/2022\/09\/img_9736.jpg?w=768\" alt=\"\" class=\"wp-image-13019\" \/><\/figure>\n<\/figure>\n\n\n\n<p>Un moment tr\u00e8s dur pour lui. Une premi\u00e8re s\u00e9paration pour nous deux aussi. C\u2019\u00e9tait vraiment difficile. Petit \u00e0 petit&#8230; j\u2019esp\u00e8re que tout se passera mieux.<\/p>\n\n\n\n<p>Au moment de le coucher ce soir, il nous a fait un c\u00e2lin et nous a dit \u00ab je vous aime \u00bb&#8230;&#8230; nous aussi Hugo \u2764\ufe0f<\/p>\n","protected":false},"excerpt":{"rendered":"<p>Rentr\u00e9e en petite section de Maternelle ce matin pour notre Hugo. Un moment tr\u00e8s dur pour lui. Une premi\u00e8re s\u00e9paration pour nous deux aussi. C\u2019\u00e9tait vraiment difficile. Petit \u00e0 petit&#8230; j\u2019esp\u00e8re que tout se passera mieux. Au moment de le coucher ce soir, il nous a fait un c\u00e2lin et nous a dit \u00ab je &hellip; <a href=\"https:\/\/petitmagellan.com\/?p=13022\" class=\"more-link\">Continuer la lecture<span class=\"screen-reader-text\"> de &laquo;&nbsp;Premi\u00e8re rentr\u00e9e&nbsp;&raquo;<\/span><\/a><\/p>\n","protected":false},"author":1,"featured_media":0,"comment_status":"open","ping_status":"open","sticky":false,"template":"","format":"standard","meta":{"footnotes":""},"categories":[2],"tags":[],"class_list":["post-13022","post","type-post","status-publish","format-standard","hentry","category-non-classe"],"_links":{"self":[{"href":"https:\/\/petitmagellan.com\/index.php?rest_route=\/wp\/v2\/posts\/13022","targetHints":{"allow":["GET"]}}],"collection":[{"href":"https:\/\/petitmagellan.com\/index.php?rest_route=\/wp\/v2\/posts"}],"about":[{"href":"https:\/\/petitmagellan.com\/index.php?rest_route=\/wp\/v2\/types\/post"}],"author":[{"embeddable":true,"href":"https:\/\/petitmagellan.com\/index.php?rest_route=\/wp\/v2\/users\/1"}],"replies":[{"embeddable":true,"href":"https:\/\/petitmagellan.com\/index.php?rest_route=%2Fwp%2Fv2%2Fcomments&post=13022"}],"version-history":[{"count":0,"href":"https:\/\/petitmagellan.com\/index.php?rest_route=\/wp\/v2\/posts\/13022\/revisions"}],"wp:attachment":[{"href":"https:\/\/petitmagellan.com\/index.php?rest_route=%2Fwp%2Fv2%2Fmedia&parent=13022"}],"wp:term":[{"taxonomy":"category","embeddable":true,"href":"https:\/\/petitmagellan.com\/index.php?rest_route=%2Fwp%2Fv2%2Fcategories&post=13022"},{"taxonomy":"post_tag","embeddable":true,"href":"https:\/\/petitmagellan.com\/index.php?rest_route=%2Fwp%2Fv2%2Ftags&post=13022"}],"curies":[{"name":"wp","href":"https:\/\/api.w.org\/{rel}","templated":true}]}}