{"id":1302,"date":"2019-10-11T16:53:01","date_gmt":"2019-10-11T15:53:01","guid":{"rendered":"http:\/\/petitmagellan.com\/?p=1302"},"modified":"2019-10-11T16:53:01","modified_gmt":"2019-10-11T15:53:01","slug":"trop-petit","status":"publish","type":"post","link":"https:\/\/petitmagellan.com\/?p=1302","title":{"rendered":"Trop petit"},"content":{"rendered":"\n<p>Je me suis enfin r\u00e9solue \u00e0 ranger ce petit pyjama taille naissance \/ taille 0, le seul que nous avions achet\u00e9 de cette taille. Hugo l&rsquo;a tout de m\u00eame port\u00e9 deux \u00e0 trois semaines.<\/p>\n\n\n\n<figure class=\"wp-block-gallery aligncenter columns-1 is-cropped wp-block-gallery-1 is-layout-flex wp-block-gallery-is-layout-flex\"><ul class=\"blocks-gallery-grid\"><li class=\"blocks-gallery-item\"><figure><img decoding=\"async\" src=\"https:\/\/petitmagellan.files.wordpress.com\/2019\/10\/img_3559.jpg?w=1024\" alt=\"\" data-id=\"1303\" class=\"wp-image-1303\" \/><\/figure><\/li><\/ul><\/figure>\n\n\n\n<p>Dur de le mettre au placard mais je crois que les jambes ne passeront d\u00e9finitivement plus&#8230; Ce petit b\u00e9b\u00e9 a bien grandi !<\/p>\n","protected":false},"excerpt":{"rendered":"<p>Je me suis enfin r\u00e9solue \u00e0 ranger ce petit pyjama taille naissance \/ taille 0, le seul que nous avions achet\u00e9 de cette taille. Hugo l&rsquo;a tout de m\u00eame port\u00e9 deux \u00e0 trois semaines. Dur de le mettre au placard mais je crois que les jambes ne passeront d\u00e9finitivement plus&#8230; Ce petit b\u00e9b\u00e9 a bien &hellip; <a href=\"https:\/\/petitmagellan.com\/?p=1302\" class=\"more-link\">Continuer la lecture<span class=\"screen-reader-text\"> de &laquo;&nbsp;Trop petit&nbsp;&raquo;<\/span><\/a><\/p>\n","protected":false},"author":1,"featured_media":0,"comment_status":"open","ping_status":"open","sticky":false,"template":"","format":"standard","meta":{"footnotes":""},"categories":[2],"tags":[],"class_list":["post-1302","post","type-post","status-publish","format-standard","hentry","category-non-classe"],"_links":{"self":[{"href":"https:\/\/petitmagellan.com\/index.php?rest_route=\/wp\/v2\/posts\/1302","targetHints":{"allow":["GET"]}}],"collection":[{"href":"https:\/\/petitmagellan.com\/index.php?rest_route=\/wp\/v2\/posts"}],"about":[{"href":"https:\/\/petitmagellan.com\/index.php?rest_route=\/wp\/v2\/types\/post"}],"author":[{"embeddable":true,"href":"https:\/\/petitmagellan.com\/index.php?rest_route=\/wp\/v2\/users\/1"}],"replies":[{"embeddable":true,"href":"https:\/\/petitmagellan.com\/index.php?rest_route=%2Fwp%2Fv2%2Fcomments&post=1302"}],"version-history":[{"count":0,"href":"https:\/\/petitmagellan.com\/index.php?rest_route=\/wp\/v2\/posts\/1302\/revisions"}],"wp:attachment":[{"href":"https:\/\/petitmagellan.com\/index.php?rest_route=%2Fwp%2Fv2%2Fmedia&parent=1302"}],"wp:term":[{"taxonomy":"category","embeddable":true,"href":"https:\/\/petitmagellan.com\/index.php?rest_route=%2Fwp%2Fv2%2Fcategories&post=1302"},{"taxonomy":"post_tag","embeddable":true,"href":"https:\/\/petitmagellan.com\/index.php?rest_route=%2Fwp%2Fv2%2Ftags&post=1302"}],"curies":[{"name":"wp","href":"https:\/\/api.w.org\/{rel}","templated":true}]}}