{"id":12953,"date":"2022-08-29T21:51:00","date_gmt":"2022-08-29T20:51:00","guid":{"rendered":"http:\/\/petitmagellan.com\/?p=12953"},"modified":"2022-08-29T21:51:00","modified_gmt":"2022-08-29T20:51:00","slug":"les-betises","status":"publish","type":"post","link":"https:\/\/petitmagellan.com\/?p=12953","title":{"rendered":"Les b\u00eatises"},"content":{"rendered":"\n<p>Comme son fr\u00e8re, Armand ne manque pas d\u2019imagination. Les b\u00eatises du moment :<\/p>\n\n\n\n<p>&#8211; monter sur la table du salon (pas la table basse)<\/p>\n\n\n\n<p>&#8211; jeter sa t\u00e9tine dans les toilettes&#8230;&#8230; horrible<\/p>\n\n\n\n<p>&#8211; jeter sa t\u00e9tine dans la rue<\/p>\n\n\n\n<p>&#8211; jeter la nourriture et ses couverts par terre pendant les repas<\/p>\n\n\n\n<p>&#8211; renverser son verre d\u2019eau \u00e0 table et taper dans la flaque avec ses mains<\/p>\n\n\n\n<p>&#8211; taper, pincer, mettre des coups avec sa t\u00eate <\/p>\n\n\n\n<p>&#8211; jeter les livres par terre, d\u00e9chirer les pages<\/p>\n\n\n\n<p>Et d\u2019autres \u00e0 venir je n\u2019en doute pas !<\/p>\n\n\n\n<figure class=\"wp-block-gallery has-nested-images columns-default is-cropped wp-block-gallery-1 is-layout-flex wp-block-gallery-is-layout-flex\">\n<figure class=\"wp-block-image size-large\"><img decoding=\"async\" data-id=\"12957\" src=\"https:\/\/petitmagellan.files.wordpress.com\/2022\/08\/image-4.jpg?w=769\" alt=\"\" class=\"wp-image-12957\" \/><\/figure>\n<\/figure>\n\n\n\n<p>Une petite anecdote au sujet de sa t\u00e9tine. Il y a trois semaines, il l\u2019a jet\u00e9e par-dessus la poussette dans la rue et je m\u2019en suis aper\u00e7ue trop tard. J\u2019ai fait demi-tour, je l\u2019ai cherch\u00e9e partout sur le trajet inverse, sans succ\u00e8s. Elle \u00e9tait perdue&#8230; et l\u2019attache-t\u00e9tine avec, celle qui appartenait \u00e0 Hugo et que j\u2019avais r\u00e9cemment ressortie de ses affaires de naissance car celle d\u2019Armand s\u2019\u00e9tait cass\u00e9e. <\/p>\n\n\n\n<p>Autant dire que j\u2019\u00e9tais au bout du rouleau (\u00e7a peut para\u00eetre idiot mais je suis trop attach\u00e9e \u00e0 toutes leurs petites affaires). Heureusement, comme pour la fois o\u00f9 Hugo avait lui aussi perdu sa t\u00e9tine, l\u2019histoire se termine bien !<\/p>\n\n\n\n<p>Une amie a eu l\u2019id\u00e9e de poster un message et une photo de la t\u00e9tine sur un groupe Facebook de notre arrondissement. Inutile de pr\u00e9ciser le nombre de t\u00e9tines et de doudous qui se perdent chaque jour dans une ville comme Lyon et les probabilit\u00e9s de les retrouver&#8230; La d\u00e9marche \u00e9tait super mais je n\u2019y croyais pas vraiment.<\/p>\n\n\n\n<p>Et pourtant !! Une personne a bien trouv\u00e9 la t\u00e9tine d\u2019Armand par terre, l\u2019a ramass\u00e9e et mise en hauteur, par chance cette personne \u00e9tait sur Facebook et, par miracle, dans le m\u00eame groupe que mon amie ! Elle a donc vu son message et mon amie est all\u00e9e la r\u00e9cup\u00e9rer.<\/p>\n\n\n\n<p>Quelle chance !! Et quel soulagement \ud83d\ude42<\/p>\n\n\n\n<p>Depuis, \u00e7a n\u2019a bien s\u00fbr pas emp\u00each\u00e9 Armand de la jeter \u00e0 nouveau&#8230; mais cette fois je suis ultra vigilante !<\/p>\n","protected":false},"excerpt":{"rendered":"<p>Comme son fr\u00e8re, Armand ne manque pas d\u2019imagination. Les b\u00eatises du moment : &#8211; monter sur la table du salon (pas la table basse) &#8211; jeter sa t\u00e9tine dans les toilettes&#8230;&#8230; horrible &#8211; jeter sa t\u00e9tine dans la rue &#8211; jeter la nourriture et ses couverts par terre pendant les repas &#8211; renverser son verre &hellip; <a href=\"https:\/\/petitmagellan.com\/?p=12953\" class=\"more-link\">Continuer la lecture<span class=\"screen-reader-text\"> de &laquo;&nbsp;Les b\u00eatises&nbsp;&raquo;<\/span><\/a><\/p>\n","protected":false},"author":1,"featured_media":0,"comment_status":"open","ping_status":"open","sticky":false,"template":"","format":"standard","meta":{"footnotes":""},"categories":[2],"tags":[],"class_list":["post-12953","post","type-post","status-publish","format-standard","hentry","category-non-classe"],"_links":{"self":[{"href":"https:\/\/petitmagellan.com\/index.php?rest_route=\/wp\/v2\/posts\/12953","targetHints":{"allow":["GET"]}}],"collection":[{"href":"https:\/\/petitmagellan.com\/index.php?rest_route=\/wp\/v2\/posts"}],"about":[{"href":"https:\/\/petitmagellan.com\/index.php?rest_route=\/wp\/v2\/types\/post"}],"author":[{"embeddable":true,"href":"https:\/\/petitmagellan.com\/index.php?rest_route=\/wp\/v2\/users\/1"}],"replies":[{"embeddable":true,"href":"https:\/\/petitmagellan.com\/index.php?rest_route=%2Fwp%2Fv2%2Fcomments&post=12953"}],"version-history":[{"count":0,"href":"https:\/\/petitmagellan.com\/index.php?rest_route=\/wp\/v2\/posts\/12953\/revisions"}],"wp:attachment":[{"href":"https:\/\/petitmagellan.com\/index.php?rest_route=%2Fwp%2Fv2%2Fmedia&parent=12953"}],"wp:term":[{"taxonomy":"category","embeddable":true,"href":"https:\/\/petitmagellan.com\/index.php?rest_route=%2Fwp%2Fv2%2Fcategories&post=12953"},{"taxonomy":"post_tag","embeddable":true,"href":"https:\/\/petitmagellan.com\/index.php?rest_route=%2Fwp%2Fv2%2Ftags&post=12953"}],"curies":[{"name":"wp","href":"https:\/\/api.w.org\/{rel}","templated":true}]}}