{"id":12866,"date":"2022-08-16T10:10:00","date_gmt":"2022-08-16T09:10:00","guid":{"rendered":"http:\/\/petitmagellan.com\/?p=12866"},"modified":"2022-08-16T10:10:00","modified_gmt":"2022-08-16T09:10:00","slug":"chez-le-coiffeur-2","status":"publish","type":"post","link":"https:\/\/petitmagellan.com\/?p=12866","title":{"rendered":"Chez le coiffeur"},"content":{"rendered":"\n<p>La semaine derni\u00e8re, j\u2019ai enfin emmen\u00e9 les gar\u00e7ons se faire couper les cheveux.<\/p>\n\n\n\n<p>Hugo a \u00e9t\u00e9 super sage, il \u00e9tait tout content d\u2019\u00eatre l\u00e0 et s\u2019est laiss\u00e9 faire jusqu\u2019\u00e0 la fin, et sans \u00e9cran !!<\/p>\n\n\n\n<figure class=\"wp-block-gallery has-nested-images columns-default is-cropped wp-block-gallery-1 is-layout-flex wp-block-gallery-is-layout-flex\">\n<figure class=\"wp-block-image size-large\"><img decoding=\"async\" data-id=\"12884\" src=\"https:\/\/petitmagellan.files.wordpress.com\/2022\/08\/img_9020.jpg?w=768\" alt=\"\" class=\"wp-image-12884\" \/><\/figure>\n\n\n\n<figure class=\"wp-block-image size-large\"><img decoding=\"async\" data-id=\"12880\" src=\"https:\/\/petitmagellan.files.wordpress.com\/2022\/08\/img_9021.jpg?w=768\" alt=\"\" class=\"wp-image-12880\" \/><\/figure>\n<\/figure>\n\n\n\n<p>Pour Armand, c\u2019\u00e9tait tr\u00e8s compliqu\u00e9 au d\u00e9but et puis&#8230; la magie de l\u2019iPad a op\u00e9r\u00e9. On \u00e9vite les \u00e9crans avec eux mais sur ce coup-l\u00e0 on dit merci aux vid\u00e9os de comptines \ud83d\ude42<\/p>\n\n\n\n<figure class=\"wp-block-gallery has-nested-images columns-default is-cropped wp-block-gallery-2 is-layout-flex wp-block-gallery-is-layout-flex\">\n<figure class=\"wp-block-image size-large\"><img decoding=\"async\" data-id=\"12881\" src=\"https:\/\/petitmagellan.files.wordpress.com\/2022\/08\/img_9023.jpg?w=768\" alt=\"\" class=\"wp-image-12881\" \/><\/figure>\n<\/figure>\n","protected":false},"excerpt":{"rendered":"<p>La semaine derni\u00e8re, j\u2019ai enfin emmen\u00e9 les gar\u00e7ons se faire couper les cheveux. Hugo a \u00e9t\u00e9 super sage, il \u00e9tait tout content d\u2019\u00eatre l\u00e0 et s\u2019est laiss\u00e9 faire jusqu\u2019\u00e0 la fin, et sans \u00e9cran !! Pour Armand, c\u2019\u00e9tait tr\u00e8s compliqu\u00e9 au d\u00e9but et puis&#8230; la magie de l\u2019iPad a op\u00e9r\u00e9. On \u00e9vite les \u00e9crans avec &hellip; <a href=\"https:\/\/petitmagellan.com\/?p=12866\" class=\"more-link\">Continuer la lecture<span class=\"screen-reader-text\"> de &laquo;&nbsp;Chez le coiffeur&nbsp;&raquo;<\/span><\/a><\/p>\n","protected":false},"author":1,"featured_media":0,"comment_status":"open","ping_status":"open","sticky":false,"template":"","format":"standard","meta":{"footnotes":""},"categories":[2],"tags":[],"class_list":["post-12866","post","type-post","status-publish","format-standard","hentry","category-non-classe"],"_links":{"self":[{"href":"https:\/\/petitmagellan.com\/index.php?rest_route=\/wp\/v2\/posts\/12866","targetHints":{"allow":["GET"]}}],"collection":[{"href":"https:\/\/petitmagellan.com\/index.php?rest_route=\/wp\/v2\/posts"}],"about":[{"href":"https:\/\/petitmagellan.com\/index.php?rest_route=\/wp\/v2\/types\/post"}],"author":[{"embeddable":true,"href":"https:\/\/petitmagellan.com\/index.php?rest_route=\/wp\/v2\/users\/1"}],"replies":[{"embeddable":true,"href":"https:\/\/petitmagellan.com\/index.php?rest_route=%2Fwp%2Fv2%2Fcomments&post=12866"}],"version-history":[{"count":0,"href":"https:\/\/petitmagellan.com\/index.php?rest_route=\/wp\/v2\/posts\/12866\/revisions"}],"wp:attachment":[{"href":"https:\/\/petitmagellan.com\/index.php?rest_route=%2Fwp%2Fv2%2Fmedia&parent=12866"}],"wp:term":[{"taxonomy":"category","embeddable":true,"href":"https:\/\/petitmagellan.com\/index.php?rest_route=%2Fwp%2Fv2%2Fcategories&post=12866"},{"taxonomy":"post_tag","embeddable":true,"href":"https:\/\/petitmagellan.com\/index.php?rest_route=%2Fwp%2Fv2%2Ftags&post=12866"}],"curies":[{"name":"wp","href":"https:\/\/api.w.org\/{rel}","templated":true}]}}