{"id":12716,"date":"2022-07-16T22:22:00","date_gmt":"2022-07-16T21:22:00","guid":{"rendered":"http:\/\/petitmagellan.com\/?p=12716"},"modified":"2022-07-16T22:22:00","modified_gmt":"2022-07-16T21:22:00","slug":"armand-a-19-mois","status":"publish","type":"post","link":"https:\/\/petitmagellan.com\/?p=12716","title":{"rendered":"Armand a 19 mois"},"content":{"rendered":"\n<p>Joyeux 19 mois \u00e0 notre petite douceur !<\/p>\n\n\n\n<figure class=\"wp-block-gallery has-nested-images columns-1 is-cropped wp-block-gallery-1 is-layout-flex wp-block-gallery-is-layout-flex\">\n<figure class=\"wp-block-image size-large\"><img decoding=\"async\" data-id=\"12720\" src=\"https:\/\/petitmagellan.files.wordpress.com\/2022\/07\/img_8146.jpg\" alt=\"\" class=\"wp-image-12720\" \/><\/figure>\n\n\n\n<figure class=\"wp-block-image size-large\"><img decoding=\"async\" data-id=\"12734\" src=\"https:\/\/petitmagellan.files.wordpress.com\/2022\/07\/img_8143.jpg\" alt=\"\" class=\"wp-image-12734\" \/><\/figure>\n\n\n\n<figure class=\"wp-block-image size-large\"><img decoding=\"async\" data-id=\"12719\" src=\"https:\/\/petitmagellan.files.wordpress.com\/2022\/07\/img_8144.jpg\" alt=\"\" class=\"wp-image-12719\" \/><\/figure>\n<\/figure>\n\n\n\n<p>Armand a d\u00e9sormais l\u2019\u00e2ge qu\u2019avait Hugo quand il est n\u00e9, et je trouve \u00e7a fou ! Je voyais Hugo un peu plus comme un petit gar\u00e7on \u00e0 cet \u00e2ge-l\u00e0, alors que je consid\u00e8re vraiment Armand encore comme un b\u00e9b\u00e9.<\/p>\n\n\n\n<figure class=\"wp-block-gallery has-nested-images columns-default is-cropped wp-block-gallery-2 is-layout-flex wp-block-gallery-is-layout-flex\">\n<figure class=\"wp-block-image size-large\"><img decoding=\"async\" data-id=\"12721\" src=\"https:\/\/petitmagellan.files.wordpress.com\/2022\/07\/img_8139.jpg\" alt=\"\" class=\"wp-image-12721\" \/><\/figure>\n<\/figure>\n\n\n\n<p>Un b\u00e9b\u00e9 qui a toujours tr\u00e8s bon app\u00e9tit et qui est particuli\u00e8rement fan de viande. Il peut en manger sans s\u2019arr\u00eater &#8211; tout l\u2019inverse de Hugo qui accepte difficilement d\u2019y toucher. Et puis il veut absolument manger tout seul, avec les doigts, et fait bien s\u00fbr tomber la moiti\u00e9 de son assiette par terre ou sur sa chaise.<\/p>\n\n\n\n<figure class=\"wp-block-gallery has-nested-images columns-1 is-cropped wp-block-gallery-3 is-layout-flex wp-block-gallery-is-layout-flex\">\n<figure class=\"wp-block-image size-large\"><img decoding=\"async\" data-id=\"12726\" src=\"https:\/\/petitmagellan.files.wordpress.com\/2022\/07\/image-2-1.jpg?w=769\" alt=\"\" class=\"wp-image-12726\" \/><\/figure>\n\n\n\n<figure class=\"wp-block-image size-large\"><img loading=\"lazy\" decoding=\"async\" width=\"2066\" height=\"1550\" data-id=\"12735\" src=\"https:\/\/petitmagellan.files.wordpress.com\/2022\/07\/img_8206.jpg\" alt=\"\" class=\"wp-image-12735\" srcset=\"https:\/\/petitmagellan.com\/wp-content\/uploads\/2022\/07\/img_8206.jpg 2066w, https:\/\/petitmagellan.com\/wp-content\/uploads\/2022\/07\/img_8206-300x225.jpg 300w, https:\/\/petitmagellan.com\/wp-content\/uploads\/2022\/07\/img_8206-1024x768.jpg 1024w, https:\/\/petitmagellan.com\/wp-content\/uploads\/2022\/07\/img_8206-768x576.jpg 768w, https:\/\/petitmagellan.com\/wp-content\/uploads\/2022\/07\/img_8206-1536x1152.jpg 1536w, https:\/\/petitmagellan.com\/wp-content\/uploads\/2022\/07\/img_8206-2048x1536.jpg 2048w\" sizes=\"auto, (max-width: 709px) 85vw, (max-width: 909px) 67vw, (max-width: 1362px) 62vw, 840px\" \/><\/figure>\n<\/figure>\n\n\n\n<p>Cette semaine il a go\u00fbt\u00e9 au jus d\u2019orange press\u00e9 et ne voulait plus l\u00e2cher son gobelet.<\/p>\n\n\n\n<figure class=\"wp-block-gallery has-nested-images columns-1 is-cropped wp-block-gallery-4 is-layout-flex wp-block-gallery-is-layout-flex\">\n<figure class=\"wp-block-image size-large\"><img decoding=\"async\" data-id=\"12714\" src=\"https:\/\/petitmagellan.files.wordpress.com\/2022\/07\/img_8025.jpg?w=1024\" alt=\"\" class=\"wp-image-12714\" \/><\/figure>\n\n\n\n<figure class=\"wp-block-image size-large\"><img decoding=\"async\" data-id=\"12713\" src=\"https:\/\/petitmagellan.files.wordpress.com\/2022\/07\/img_8028.jpg?w=1024\" alt=\"\" class=\"wp-image-12713\" \/><\/figure>\n<\/figure>\n\n\n\n<p>\u00c0 la maison en ce moment, il aime beaucoup lire et \u00e9couter des livres avec Hugo. Il y a pas mal de disputes et de livres ab\u00eem\u00e9s (\u00e7a me rend folle) mais je suis super contente qu\u2019il s\u2019y int\u00e9resse.<\/p>\n\n\n\n<figure class=\"wp-block-gallery has-nested-images columns-default is-cropped wp-block-gallery-5 is-layout-flex wp-block-gallery-is-layout-flex\">\n<figure class=\"wp-block-image size-large\"><img decoding=\"async\" data-id=\"12722\" src=\"https:\/\/petitmagellan.files.wordpress.com\/2022\/07\/image-9.jpg?w=1024\" alt=\"\" class=\"wp-image-12722\" \/><\/figure>\n\n\n\n<figure class=\"wp-block-image size-large\"><img decoding=\"async\" data-id=\"12709\" src=\"https:\/\/petitmagellan.files.wordpress.com\/2022\/07\/img_7922.jpg?w=1024\" alt=\"\" class=\"wp-image-12709\" \/><\/figure>\n\n\n\n<figure class=\"wp-block-image size-large\"><img decoding=\"async\" data-id=\"12711\" src=\"https:\/\/petitmagellan.files.wordpress.com\/2022\/07\/img_7969.jpg?w=768\" alt=\"\" class=\"wp-image-12711\" \/><\/figure>\n<\/figure>\n\n\n\n<p>En train de jouer<\/p>\n\n\n\n<figure class=\"wp-block-gallery has-nested-images columns-2 is-cropped wp-block-gallery-6 is-layout-flex wp-block-gallery-is-layout-flex\">\n<figure class=\"wp-block-image size-large\"><img decoding=\"async\" data-id=\"12724\" src=\"https:\/\/petitmagellan.files.wordpress.com\/2022\/07\/image-1-2.jpg?w=769\" alt=\"\" class=\"wp-image-12724\" \/><\/figure>\n\n\n\n<figure class=\"wp-block-image size-large\"><img decoding=\"async\" data-id=\"12727\" src=\"https:\/\/petitmagellan.files.wordpress.com\/2022\/07\/image-3-1.jpg\" alt=\"\" class=\"wp-image-12727\" \/><\/figure>\n\n\n\n<figure class=\"wp-block-image size-large\"><img decoding=\"async\" data-id=\"12708\" src=\"https:\/\/petitmagellan.files.wordpress.com\/2022\/07\/img_7635.jpg\" alt=\"\" class=\"wp-image-12708\" \/><\/figure>\n<\/figure>\n\n\n\n<p>Dans les petits parcs du quartier<\/p>\n\n\n\n<figure class=\"wp-block-gallery has-nested-images columns-1 is-cropped wp-block-gallery-7 is-layout-flex wp-block-gallery-is-layout-flex\">\n<figure class=\"wp-block-image size-large\"><img decoding=\"async\" data-id=\"12706\" src=\"https:\/\/petitmagellan.files.wordpress.com\/2022\/07\/img_7625.jpg?w=768\" alt=\"\" class=\"wp-image-12706\" \/><\/figure>\n\n\n\n<figure class=\"wp-block-image size-large\"><img decoding=\"async\" data-id=\"12712\" src=\"https:\/\/petitmagellan.files.wordpress.com\/2022\/07\/img_8002.jpg?w=1024\" alt=\"\" class=\"wp-image-12712\" \/><\/figure>\n\n\n\n<figure class=\"wp-block-image size-large\"><img decoding=\"async\" data-id=\"12715\" src=\"https:\/\/petitmagellan.files.wordpress.com\/2022\/07\/img_8020.jpg?w=768\" alt=\"\" class=\"wp-image-12715\" \/><\/figure>\n<\/figure>\n\n\n\n<p>Sinon, il a maintenant ses quatre pr\u00e9-molaires et des yeux de plus en plus marron, mais pas fonc\u00e9 comme nous et Hugo. Il se fait d\u00e9vorer par les moustiques et a toujours des tas de bobos et de griffures \ud83d\ude41 Je d\u00e9teste ces bestioles qui lui font toutes ces marques.<\/p>\n\n\n\n<figure class=\"wp-block-gallery has-nested-images columns-default is-cropped wp-block-gallery-8 is-layout-flex wp-block-gallery-is-layout-flex\">\n<figure class=\"wp-block-image size-large\"><img decoding=\"async\" data-id=\"12705\" src=\"https:\/\/petitmagellan.files.wordpress.com\/2022\/07\/img_7595.jpg?w=768\" alt=\"\" class=\"wp-image-12705\" \/><\/figure>\n<\/figure>\n\n\n\n<p>Il se fait aussi de mieux en mieux comprendre, hurle et tape quand il n\u2019est pas content &#8211; parfois sans aucune raison, juste pour r\u00e2ler &#8211; mais fait toujours \u00e9norm\u00e9ment de bisous et de c\u00e2lins. Et il est toujours tr\u00e8s tr\u00e8s maman &lt;3<\/p>\n\n\n\n<figure class=\"wp-block-gallery has-nested-images columns-default is-cropped wp-block-gallery-9 is-layout-flex wp-block-gallery-is-layout-flex\">\n<figure class=\"wp-block-image size-large\"><img decoding=\"async\" data-id=\"12707\" src=\"https:\/\/petitmagellan.files.wordpress.com\/2022\/07\/img_7642.jpg?w=1024\" alt=\"\" class=\"wp-image-12707\" \/><\/figure>\n<\/figure>\n\n\n\n<p>On t\u2019aime Armand !<\/p>\n","protected":false},"excerpt":{"rendered":"<p>Joyeux 19 mois \u00e0 notre petite douceur ! Armand a d\u00e9sormais l\u2019\u00e2ge qu\u2019avait Hugo quand il est n\u00e9, et je trouve \u00e7a fou ! Je voyais Hugo un peu plus comme un petit gar\u00e7on \u00e0 cet \u00e2ge-l\u00e0, alors que je consid\u00e8re vraiment Armand encore comme un b\u00e9b\u00e9. Un b\u00e9b\u00e9 qui a toujours tr\u00e8s bon app\u00e9tit &hellip; <a href=\"https:\/\/petitmagellan.com\/?p=12716\" class=\"more-link\">Continuer la lecture<span class=\"screen-reader-text\"> de &laquo;&nbsp;Armand a 19 mois&nbsp;&raquo;<\/span><\/a><\/p>\n","protected":false},"author":1,"featured_media":0,"comment_status":"open","ping_status":"open","sticky":false,"template":"","format":"standard","meta":{"footnotes":""},"categories":[2],"tags":[],"class_list":["post-12716","post","type-post","status-publish","format-standard","hentry","category-non-classe"],"_links":{"self":[{"href":"https:\/\/petitmagellan.com\/index.php?rest_route=\/wp\/v2\/posts\/12716","targetHints":{"allow":["GET"]}}],"collection":[{"href":"https:\/\/petitmagellan.com\/index.php?rest_route=\/wp\/v2\/posts"}],"about":[{"href":"https:\/\/petitmagellan.com\/index.php?rest_route=\/wp\/v2\/types\/post"}],"author":[{"embeddable":true,"href":"https:\/\/petitmagellan.com\/index.php?rest_route=\/wp\/v2\/users\/1"}],"replies":[{"embeddable":true,"href":"https:\/\/petitmagellan.com\/index.php?rest_route=%2Fwp%2Fv2%2Fcomments&post=12716"}],"version-history":[{"count":0,"href":"https:\/\/petitmagellan.com\/index.php?rest_route=\/wp\/v2\/posts\/12716\/revisions"}],"wp:attachment":[{"href":"https:\/\/petitmagellan.com\/index.php?rest_route=%2Fwp%2Fv2%2Fmedia&parent=12716"}],"wp:term":[{"taxonomy":"category","embeddable":true,"href":"https:\/\/petitmagellan.com\/index.php?rest_route=%2Fwp%2Fv2%2Fcategories&post=12716"},{"taxonomy":"post_tag","embeddable":true,"href":"https:\/\/petitmagellan.com\/index.php?rest_route=%2Fwp%2Fv2%2Ftags&post=12716"}],"curies":[{"name":"wp","href":"https:\/\/api.w.org\/{rel}","templated":true}]}}