{"id":12452,"date":"2022-06-16T22:18:00","date_gmt":"2022-06-16T21:18:00","guid":{"rendered":"http:\/\/petitmagellan.com\/?p=12452"},"modified":"2022-06-16T22:18:00","modified_gmt":"2022-06-16T21:18:00","slug":"armand-a-18-mois","status":"publish","type":"post","link":"https:\/\/petitmagellan.com\/?p=12452","title":{"rendered":"Armand a 18 mois"},"content":{"rendered":"\n<p>Et tout d\u2019un coup&#8230; un an et demi !<\/p>\n\n\n\n<figure class=\"wp-block-gallery has-nested-images columns-1 is-cropped wp-block-gallery-1 is-layout-flex wp-block-gallery-is-layout-flex\">\n<figure class=\"wp-block-image size-large\"><img decoding=\"async\" data-id=\"12513\" src=\"https:\/\/petitmagellan.files.wordpress.com\/2022\/06\/image-1-3.jpg?w=769\" alt=\"\" class=\"wp-image-12513\" \/><\/figure>\n\n\n\n<figure class=\"wp-block-image size-large\"><img decoding=\"async\" data-id=\"12514\" src=\"https:\/\/petitmagellan.files.wordpress.com\/2022\/06\/image-2-2.jpg?w=769\" alt=\"\" class=\"wp-image-12514\" \/><\/figure>\n<\/figure>\n\n\n\n<p>Ce mois-ci j\u2019ai cru qu\u2019Armand avait attrap\u00e9 la varicelle. Apr\u00e8s une visite chez le m\u00e9decin et quelques jours d\u2019attente, les boutons et la fi\u00e8vre ont disparu aussi vite qu\u2019ils \u00e9taient apparus. Fausse alerte<\/p>\n\n\n\n<figure class=\"wp-block-gallery has-nested-images columns-default is-cropped wp-block-gallery-2 is-layout-flex wp-block-gallery-is-layout-flex\">\n<figure class=\"wp-block-image size-large\"><img decoding=\"async\" data-id=\"12449\" src=\"https:\/\/petitmagellan.files.wordpress.com\/2022\/06\/img_6949.jpg?w=768\" alt=\"\" class=\"wp-image-12449\" \/><\/figure>\n<\/figure>\n\n\n\n<p>En revanche ses dents poussent bien et ce n\u2019est pas toujours marrant. Sa troisi\u00e8me pr\u00e9-molaire est en train de sortir, mais il n\u2019a toujours que ses deux petites dents du bas. J\u2019adore son sourire comme \u00e7a \ud83d\ude42<\/p>\n\n\n\n<figure class=\"wp-block-gallery has-nested-images columns-default is-cropped wp-block-gallery-3 is-layout-flex wp-block-gallery-is-layout-flex\">\n<figure class=\"wp-block-image size-large\"><img loading=\"lazy\" decoding=\"async\" width=\"825\" height=\"1226\" data-id=\"12473\" src=\"https:\/\/petitmagellan.files.wordpress.com\/2022\/06\/img_7134.jpg?w=689\" alt=\"\" class=\"wp-image-12473\" srcset=\"https:\/\/petitmagellan.com\/wp-content\/uploads\/2022\/06\/img_7134.jpg 825w, https:\/\/petitmagellan.com\/wp-content\/uploads\/2022\/06\/img_7134-202x300.jpg 202w, https:\/\/petitmagellan.com\/wp-content\/uploads\/2022\/06\/img_7134-689x1024.jpg 689w, https:\/\/petitmagellan.com\/wp-content\/uploads\/2022\/06\/img_7134-768x1141.jpg 768w\" sizes=\"auto, (max-width: 709px) 85vw, (max-width: 909px) 67vw, (max-width: 984px) 61vw, (max-width: 1362px) 45vw, 600px\" \/><\/figure>\n\n\n\n<figure class=\"wp-block-image size-large\"><img loading=\"lazy\" decoding=\"async\" width=\"828\" height=\"1223\" data-id=\"12474\" src=\"https:\/\/petitmagellan.files.wordpress.com\/2022\/06\/img_7135.jpg?w=693\" alt=\"\" class=\"wp-image-12474\" srcset=\"https:\/\/petitmagellan.com\/wp-content\/uploads\/2022\/06\/img_7135.jpg 828w, https:\/\/petitmagellan.com\/wp-content\/uploads\/2022\/06\/img_7135-203x300.jpg 203w, https:\/\/petitmagellan.com\/wp-content\/uploads\/2022\/06\/img_7135-693x1024.jpg 693w, https:\/\/petitmagellan.com\/wp-content\/uploads\/2022\/06\/img_7135-768x1134.jpg 768w\" sizes=\"auto, (max-width: 709px) 85vw, (max-width: 909px) 67vw, (max-width: 984px) 61vw, (max-width: 1362px) 45vw, 600px\" \/><\/figure>\n<\/figure>\n\n\n\n<p>Tout juste dix-huit mois et il insiste tous les jours pour monter les escaliers tout seul, parfois \u00e0 quatre pattes, parfois debout (pas encore les quatre \u00e9tages).<\/p>\n\n\n\n<figure class=\"wp-block-gallery has-nested-images columns-1 is-cropped wp-block-gallery-4 is-layout-flex wp-block-gallery-is-layout-flex\">\n<figure class=\"wp-block-image size-large\"><img decoding=\"async\" data-id=\"12446\" src=\"https:\/\/petitmagellan.files.wordpress.com\/2022\/06\/img_6914.jpg?w=768\" alt=\"\" class=\"wp-image-12446\" \/><\/figure>\n\n\n\n<figure class=\"wp-block-image size-large\"><img decoding=\"async\" data-id=\"12448\" src=\"https:\/\/petitmagellan.files.wordpress.com\/2022\/06\/img_6916.jpg?w=768\" alt=\"\" class=\"wp-image-12448\" \/><\/figure>\n\n\n\n<figure class=\"wp-block-image size-large\"><img decoding=\"async\" data-id=\"12505\" src=\"https:\/\/petitmagellan.files.wordpress.com\/2022\/06\/img_7185.jpg?w=768\" alt=\"\" class=\"wp-image-12505\" \/><\/figure>\n<\/figure>\n\n\n\n<p>Sinon, il aime beaucoup se mettre debout sur la poussette et j\u2019ai fini par arr\u00eater de l\u2019en emp\u00eacher toutes les deux minutes, ou encore poser son pied sur les trottinettes et promener les poussettes des autres enfants. C\u2019est trop mignon.<\/p>\n\n\n\n<figure class=\"wp-block-gallery has-nested-images columns-1 is-cropped wp-block-gallery-5 is-layout-flex wp-block-gallery-is-layout-flex\">\n<figure class=\"wp-block-image size-large\"><img decoding=\"async\" data-id=\"12445\" src=\"https:\/\/petitmagellan.files.wordpress.com\/2022\/06\/img_6896.jpg?w=768\" alt=\"\" class=\"wp-image-12445\" \/><\/figure>\n\n\n\n<figure class=\"wp-block-image size-large\"><img decoding=\"async\" data-id=\"12450\" src=\"https:\/\/petitmagellan.files.wordpress.com\/2022\/06\/img_6898.jpg?w=768\" alt=\"\" class=\"wp-image-12450\" \/><\/figure>\n\n\n\n<figure class=\"wp-block-image size-large\"><img decoding=\"async\" data-id=\"12451\" src=\"https:\/\/petitmagellan.files.wordpress.com\/2022\/06\/img_7089.jpg?w=768\" alt=\"\" class=\"wp-image-12451\" \/><\/figure>\n<\/figure>\n\n\n\n<p>Depuis hier il a d\u2019ailleurs enfin sa propre poussette, et ne supporte \u00e9videmment pas que Hugo la touche ! Hurlements garantis <\/p>\n\n\n\n<figure class=\"wp-block-gallery has-nested-images columns-default is-cropped wp-block-gallery-6 is-layout-flex wp-block-gallery-is-layout-flex\">\n<figure class=\"wp-block-image size-large\"><img decoding=\"async\" data-id=\"12507\" src=\"https:\/\/petitmagellan.files.wordpress.com\/2022\/06\/image-6.jpg?w=769\" alt=\"\" class=\"wp-image-12507\" \/><\/figure>\n<\/figure>\n\n\n\n<p>Il est aussi absolument fan des animaux et pousse des petits cris et pointe du doigt tous les chiens et chats qu\u2019il voit.<\/p>\n\n\n\n<figure class=\"wp-block-gallery has-nested-images columns-2 is-cropped wp-block-gallery-7 is-layout-flex wp-block-gallery-is-layout-flex\">\n<figure class=\"wp-block-image\"><img decoding=\"async\" data-id=\"12499\" src=\"https:\/\/petitmagellan.files.wordpress.com\/2022\/06\/img_7168.jpg\" alt=\"\" class=\"wp-image-12499\" \/><\/figure>\n\n\n\n<figure class=\"wp-block-image\"><img decoding=\"async\" data-id=\"12501\" src=\"https:\/\/petitmagellan.files.wordpress.com\/2022\/06\/img_7170.jpg\" alt=\"\" class=\"wp-image-12501\" \/><\/figure>\n\n\n\n<figure class=\"wp-block-image\"><img decoding=\"async\" data-id=\"12502\" src=\"https:\/\/petitmagellan.files.wordpress.com\/2022\/06\/img_7171.jpg\" alt=\"\" class=\"wp-image-12502\" \/><\/figure>\n\n\n\n<figure class=\"wp-block-image\"><img decoding=\"async\" data-id=\"12500\" src=\"https:\/\/petitmagellan.files.wordpress.com\/2022\/06\/img_7172.jpg\" alt=\"\" class=\"wp-image-12500\" \/><\/figure>\n<\/figure>\n\n\n\n<p>C\u00f4t\u00e9 langage, il dit \u00ab baba\/papa \u00bb, \u00ab mama \u00bb, \u00ab caca \u00bb, \u00ab wawa \u00bb (pour le chien), \u00ab ta \u00bb (tiens) et j\u2019ai de plus en plus l\u2019impression qu\u2019il dit \u00ab go \u00bb pour Hugo.<\/p>\n\n\n\n<figure class=\"wp-block-gallery has-nested-images columns-1 is-cropped wp-block-gallery-8 is-layout-flex wp-block-gallery-is-layout-flex\">\n<figure class=\"wp-block-image size-large\"><img decoding=\"async\" data-id=\"12458\" src=\"https:\/\/petitmagellan.files.wordpress.com\/2022\/06\/img_7114.jpg?w=768\" alt=\"\" class=\"wp-image-12458\" \/><\/figure>\n<\/figure>\n\n\n\n<p>Avec son fr\u00e8re ils sont vraiment complices et jouent maintenant beaucoup ensemble \u00e0 la maison. Ils adorent se cacher, se courir apr\u00e8s, se faire des c\u00e2lins, faire des b\u00eatises et se disputer un peu aussi bien s\u00fbr&#8230;<\/p>\n\n\n\n<figure class=\"wp-block-gallery has-nested-images columns-default is-cropped wp-block-gallery-9 is-layout-flex wp-block-gallery-is-layout-flex\">\n<figure class=\"wp-block-image size-large\"><img decoding=\"async\" data-id=\"12508\" src=\"https:\/\/petitmagellan.files.wordpress.com\/2022\/06\/img_7178.jpg\" alt=\"\" class=\"wp-image-12508\" \/><\/figure>\n<\/figure>\n\n\n\n<p>Et naturellement Armand veut toujours faire ce que fait Hugo (l\u2019inverse est vrai aussi) et il est le plus heureux quand on le laisse faire des choses de \u00ab grand \u00bb.<\/p>\n\n\n\n<figure class=\"wp-block-gallery has-nested-images columns-default is-cropped wp-block-gallery-10 is-layout-flex wp-block-gallery-is-layout-flex\">\n<figure class=\"wp-block-image size-large\"><img decoding=\"async\" data-id=\"12510\" src=\"https:\/\/petitmagellan.files.wordpress.com\/2022\/06\/img_7182.jpg\" alt=\"\" class=\"wp-image-12510\" \/><\/figure>\n\n\n\n<figure class=\"wp-block-image size-large\"><img decoding=\"async\" data-id=\"12509\" src=\"https:\/\/petitmagellan.files.wordpress.com\/2022\/06\/img_7184.jpg\" alt=\"\" class=\"wp-image-12509\" \/><\/figure>\n<\/figure>\n\n\n\n<p>Tu grandis si vite mon Armand&#8230; Joyeux 18 mois !! <\/p>\n\n\n\n<figure class=\"wp-block-gallery has-nested-images columns-default is-cropped wp-block-gallery-11 is-layout-flex wp-block-gallery-is-layout-flex\">\n<figure class=\"wp-block-image size-large\"><img decoding=\"async\" data-id=\"12493\" src=\"https:\/\/petitmagellan.files.wordpress.com\/2022\/06\/image-5.jpg\" alt=\"\" class=\"wp-image-12493\" \/><\/figure>\n<\/figure>\n\n\n\n<p>(et merci \u00e0 Hugo pour la photo)<\/p>\n","protected":false},"excerpt":{"rendered":"<p>Et tout d\u2019un coup&#8230; un an et demi ! Ce mois-ci j\u2019ai cru qu\u2019Armand avait attrap\u00e9 la varicelle. Apr\u00e8s une visite chez le m\u00e9decin et quelques jours d\u2019attente, les boutons et la fi\u00e8vre ont disparu aussi vite qu\u2019ils \u00e9taient apparus. Fausse alerte En revanche ses dents poussent bien et ce n\u2019est pas toujours marrant. Sa &hellip; <a href=\"https:\/\/petitmagellan.com\/?p=12452\" class=\"more-link\">Continuer la lecture<span class=\"screen-reader-text\"> de &laquo;&nbsp;Armand a 18 mois&nbsp;&raquo;<\/span><\/a><\/p>\n","protected":false},"author":1,"featured_media":0,"comment_status":"open","ping_status":"open","sticky":false,"template":"","format":"standard","meta":{"footnotes":""},"categories":[2],"tags":[],"class_list":["post-12452","post","type-post","status-publish","format-standard","hentry","category-non-classe"],"_links":{"self":[{"href":"https:\/\/petitmagellan.com\/index.php?rest_route=\/wp\/v2\/posts\/12452","targetHints":{"allow":["GET"]}}],"collection":[{"href":"https:\/\/petitmagellan.com\/index.php?rest_route=\/wp\/v2\/posts"}],"about":[{"href":"https:\/\/petitmagellan.com\/index.php?rest_route=\/wp\/v2\/types\/post"}],"author":[{"embeddable":true,"href":"https:\/\/petitmagellan.com\/index.php?rest_route=\/wp\/v2\/users\/1"}],"replies":[{"embeddable":true,"href":"https:\/\/petitmagellan.com\/index.php?rest_route=%2Fwp%2Fv2%2Fcomments&post=12452"}],"version-history":[{"count":0,"href":"https:\/\/petitmagellan.com\/index.php?rest_route=\/wp\/v2\/posts\/12452\/revisions"}],"wp:attachment":[{"href":"https:\/\/petitmagellan.com\/index.php?rest_route=%2Fwp%2Fv2%2Fmedia&parent=12452"}],"wp:term":[{"taxonomy":"category","embeddable":true,"href":"https:\/\/petitmagellan.com\/index.php?rest_route=%2Fwp%2Fv2%2Fcategories&post=12452"},{"taxonomy":"post_tag","embeddable":true,"href":"https:\/\/petitmagellan.com\/index.php?rest_route=%2Fwp%2Fv2%2Ftags&post=12452"}],"curies":[{"name":"wp","href":"https:\/\/api.w.org\/{rel}","templated":true}]}}