{"id":11741,"date":"2022-04-16T22:16:00","date_gmt":"2022-04-16T21:16:00","guid":{"rendered":"http:\/\/petitmagellan.com\/?p=11741"},"modified":"2022-04-16T22:16:00","modified_gmt":"2022-04-16T21:16:00","slug":"armand-a-16-mois","status":"publish","type":"post","link":"https:\/\/petitmagellan.com\/?p=11741","title":{"rendered":"Armand a 16 mois"},"content":{"rendered":"\n<p>Et de 16 !<\/p>\n\n\n\n<figure class=\"wp-block-gallery has-nested-images columns-1 is-cropped wp-block-gallery-1 is-layout-flex wp-block-gallery-is-layout-flex\">\n<figure class=\"wp-block-image\"><img decoding=\"async\" data-id=\"11833\" src=\"https:\/\/petitmagellan.files.wordpress.com\/2022\/04\/img_2413.jpg\" alt=\"\" class=\"wp-image-11833\" \/><\/figure>\n\n\n\n<figure class=\"wp-block-image\"><img decoding=\"async\" data-id=\"11832\" src=\"https:\/\/petitmagellan.files.wordpress.com\/2022\/04\/img_2412.jpg\" alt=\"\" class=\"wp-image-11832\" \/><\/figure>\n<\/figure>\n\n\n\n<p>Chaque jour notre Armand affirme un peu plus son caract\u00e8re : il commence \u00e0 donner des petites tapes et montre clairement son m\u00e9contentement, surtout \u00e0 table o\u00f9 il jette quasiment tout par terre : nourriture, couverts&#8230; Il crie, tape la table avec ses mains et pousse aussi sa chaise en arri\u00e8re quand il ne veut pas manger. La bonne humeur en personne haha !<\/p>\n\n\n\n<figure class=\"wp-block-gallery has-nested-images columns-default is-cropped wp-block-gallery-2 is-layout-flex wp-block-gallery-is-layout-flex\">\n<figure class=\"wp-block-image\"><img decoding=\"async\" data-id=\"11809\" src=\"https:\/\/petitmagellan.files.wordpress.com\/2022\/04\/image-1.jpg\" alt=\"\" class=\"wp-image-11809\" \/><\/figure>\n<\/figure>\n\n\n\n<p>En dehors des repas agit\u00e9s, il est beaucoup plus calme et souriant. Il veut souvent faire comme son fr\u00e8re et pose un pied sur la trottinette, joue au ballon (il reste a priori droitier) et \u00e0 cache-cache, et aime toujours autant les c\u00e2lins.<\/p>\n\n\n\n<figure class=\"wp-block-gallery has-nested-images columns-2 is-cropped wp-block-gallery-3 is-layout-flex wp-block-gallery-is-layout-flex\">\n<figure class=\"wp-block-image size-large\"><img loading=\"lazy\" decoding=\"async\" width=\"1368\" height=\"1737\" data-id=\"11845\" src=\"https:\/\/petitmagellan.files.wordpress.com\/2022\/04\/image-2.jpg?w=806\" alt=\"\" class=\"wp-image-11845\" srcset=\"https:\/\/petitmagellan.com\/wp-content\/uploads\/2022\/04\/image-2.jpg 1368w, https:\/\/petitmagellan.com\/wp-content\/uploads\/2022\/04\/image-2-236x300.jpg 236w, https:\/\/petitmagellan.com\/wp-content\/uploads\/2022\/04\/image-2-806x1024.jpg 806w, https:\/\/petitmagellan.com\/wp-content\/uploads\/2022\/04\/image-2-768x975.jpg 768w, https:\/\/petitmagellan.com\/wp-content\/uploads\/2022\/04\/image-2-1210x1536.jpg 1210w\" sizes=\"auto, (max-width: 709px) 85vw, (max-width: 909px) 67vw, (max-width: 1362px) 62vw, 840px\" \/><\/figure>\n\n\n\n<figure class=\"wp-block-image\"><img decoding=\"async\" data-id=\"11740\" src=\"https:\/\/petitmagellan.files.wordpress.com\/2022\/03\/img_1960.jpg\" alt=\"\" class=\"wp-image-11740\" \/><\/figure>\n\n\n\n<figure class=\"wp-block-image\"><img decoding=\"async\" data-id=\"11803\" src=\"https:\/\/petitmagellan.files.wordpress.com\/2022\/04\/img_2383.jpg\" alt=\"\" class=\"wp-image-11803\" \/><\/figure>\n<\/figure>\n\n\n\n<p>Plus de bisous que de chamailleries entre ces deux-l\u00e0 \ud83d\ude42<\/p>\n\n\n\n<figure class=\"wp-block-gallery has-nested-images columns-2 is-cropped wp-block-gallery-4 is-layout-flex wp-block-gallery-is-layout-flex\">\n<figure class=\"wp-block-image\"><img decoding=\"async\" data-id=\"11807\" src=\"https:\/\/petitmagellan.files.wordpress.com\/2022\/04\/img_2297.jpg\" alt=\"\" class=\"wp-image-11807\" \/><\/figure>\n\n\n\n<figure class=\"wp-block-image\"><img decoding=\"async\" data-id=\"11806\" src=\"https:\/\/petitmagellan.files.wordpress.com\/2022\/04\/img_2300.jpg\" alt=\"\" class=\"wp-image-11806\" \/><\/figure>\n\n\n\n<figure class=\"wp-block-image\"><img decoding=\"async\" data-id=\"11805\" src=\"https:\/\/petitmagellan.files.wordpress.com\/2022\/04\/img_2298.jpg\" alt=\"\" class=\"wp-image-11805\" \/><\/figure>\n\n\n\n<figure class=\"wp-block-image\"><img decoding=\"async\" data-id=\"11804\" src=\"https:\/\/petitmagellan.files.wordpress.com\/2022\/04\/img_2304.jpg\" alt=\"\" class=\"wp-image-11804\" \/><\/figure>\n<\/figure>\n\n\n\n<p>Les caresses un peu appuy\u00e9es de Hugo \ud83d\ude42<\/p>\n\n\n\n<figure class=\"wp-block-gallery has-nested-images columns-default is-cropped wp-block-gallery-5 is-layout-flex wp-block-gallery-is-layout-flex\">\n<figure class=\"wp-block-image\"><img decoding=\"async\" data-id=\"11802\" src=\"https:\/\/petitmagellan.files.wordpress.com\/2022\/04\/img_2371.jpg\" alt=\"\" class=\"wp-image-11802\" \/><\/figure>\n<\/figure>\n\n\n\n<p>Sinon, il n\u2019a toujours que 6 dents et une bouille qui me fait craquer. Il grimpe partout, se cogne souvent, attrape tout ce qu\u2019il ne devrait pas toucher, fait de bonnes siestes matin et apr\u00e8s-midi et n\u2019a pas de doudou (j\u2019ai essay\u00e9 mais il s\u2019en fiche !). Et depuis que l\u2019allaitement s\u2019est termin\u00e9 il y a environ 3 semaines, il ne se r\u00e9veille plus du tout et fait <em>enfin<\/em> ses nuits, parfois jusqu\u2019\u00e0 8h voire 9h du matin ! Ce coquin aura bien pris son temps.<\/p>\n\n\n\n<figure class=\"wp-block-gallery has-nested-images columns-default is-cropped wp-block-gallery-6 is-layout-flex wp-block-gallery-is-layout-flex\">\n<figure class=\"wp-block-image\"><img decoding=\"async\" data-id=\"11826\" src=\"https:\/\/petitmagellan.files.wordpress.com\/2022\/04\/img_2389.jpg\" alt=\"\" class=\"wp-image-11826\" \/><\/figure>\n<\/figure>\n\n\n\n<p>Et puis r\u00e9cemment, il a d\u00e9couvert qu\u2019il pouvait danser et se met souvent \u00e0 tourner sur lui-m\u00eame comme \u00e7a : <\/p>\n\n\n\n<figure class=\"wp-block-gallery has-nested-images columns-2 is-cropped wp-block-gallery-7 is-layout-flex wp-block-gallery-is-layout-flex\">\n<figure class=\"wp-block-image\"><img loading=\"lazy\" decoding=\"async\" width=\"1575\" height=\"2100\" data-id=\"11820\" src=\"https:\/\/petitmagellan.files.wordpress.com\/2022\/04\/img_1963.jpg\" alt=\"\" class=\"wp-image-11820\" srcset=\"https:\/\/petitmagellan.com\/wp-content\/uploads\/2022\/04\/img_1963.jpg 1575w, https:\/\/petitmagellan.com\/wp-content\/uploads\/2022\/04\/img_1963-225x300.jpg 225w, https:\/\/petitmagellan.com\/wp-content\/uploads\/2022\/04\/img_1963-768x1024.jpg 768w, https:\/\/petitmagellan.com\/wp-content\/uploads\/2022\/04\/img_1963-1152x1536.jpg 1152w, https:\/\/petitmagellan.com\/wp-content\/uploads\/2022\/04\/img_1963-1536x2048.jpg 1536w\" sizes=\"auto, (max-width: 709px) 85vw, (max-width: 909px) 67vw, (max-width: 1362px) 62vw, 840px\" \/><\/figure>\n\n\n\n<figure class=\"wp-block-image\"><img loading=\"lazy\" decoding=\"async\" width=\"1575\" height=\"2100\" data-id=\"11821\" src=\"https:\/\/petitmagellan.files.wordpress.com\/2022\/04\/img_1964.jpg\" alt=\"\" class=\"wp-image-11821\" srcset=\"https:\/\/petitmagellan.com\/wp-content\/uploads\/2022\/04\/img_1964.jpg 1575w, https:\/\/petitmagellan.com\/wp-content\/uploads\/2022\/04\/img_1964-225x300.jpg 225w, https:\/\/petitmagellan.com\/wp-content\/uploads\/2022\/04\/img_1964-768x1024.jpg 768w, https:\/\/petitmagellan.com\/wp-content\/uploads\/2022\/04\/img_1964-1152x1536.jpg 1152w, https:\/\/petitmagellan.com\/wp-content\/uploads\/2022\/04\/img_1964-1536x2048.jpg 1536w\" sizes=\"auto, (max-width: 709px) 85vw, (max-width: 909px) 67vw, (max-width: 1362px) 62vw, 840px\" \/><\/figure>\n\n\n\n<figure class=\"wp-block-image\"><img loading=\"lazy\" decoding=\"async\" width=\"1575\" height=\"2100\" data-id=\"11822\" src=\"https:\/\/petitmagellan.files.wordpress.com\/2022\/04\/img_1965.jpg\" alt=\"\" class=\"wp-image-11822\" srcset=\"https:\/\/petitmagellan.com\/wp-content\/uploads\/2022\/04\/img_1965.jpg 1575w, https:\/\/petitmagellan.com\/wp-content\/uploads\/2022\/04\/img_1965-225x300.jpg 225w, https:\/\/petitmagellan.com\/wp-content\/uploads\/2022\/04\/img_1965-768x1024.jpg 768w, https:\/\/petitmagellan.com\/wp-content\/uploads\/2022\/04\/img_1965-1152x1536.jpg 1152w, https:\/\/petitmagellan.com\/wp-content\/uploads\/2022\/04\/img_1965-1536x2048.jpg 1536w\" sizes=\"auto, (max-width: 709px) 85vw, (max-width: 909px) 67vw, (max-width: 1362px) 62vw, 840px\" \/><\/figure>\n\n\n\n<figure class=\"wp-block-image\"><img loading=\"lazy\" decoding=\"async\" width=\"1575\" height=\"2100\" data-id=\"11823\" src=\"https:\/\/petitmagellan.files.wordpress.com\/2022\/04\/img_1966.jpg\" alt=\"\" class=\"wp-image-11823\" srcset=\"https:\/\/petitmagellan.com\/wp-content\/uploads\/2022\/04\/img_1966.jpg 1575w, https:\/\/petitmagellan.com\/wp-content\/uploads\/2022\/04\/img_1966-225x300.jpg 225w, https:\/\/petitmagellan.com\/wp-content\/uploads\/2022\/04\/img_1966-768x1024.jpg 768w, https:\/\/petitmagellan.com\/wp-content\/uploads\/2022\/04\/img_1966-1152x1536.jpg 1152w, https:\/\/petitmagellan.com\/wp-content\/uploads\/2022\/04\/img_1966-1536x2048.jpg 1536w\" sizes=\"auto, (max-width: 709px) 85vw, (max-width: 909px) 67vw, (max-width: 1362px) 62vw, 840px\" \/><\/figure>\n<\/figure>\n\n\n\n<p>J\u2019adore !<\/p>\n\n\n\n<p>Joyeux 16 mois Armand ador\u00e9.<\/p>\n\n\n\n<figure class=\"wp-block-gallery has-nested-images columns-default is-cropped wp-block-gallery-8 is-layout-flex wp-block-gallery-is-layout-flex\">\n<figure class=\"wp-block-image\"><img decoding=\"async\" data-id=\"11801\" src=\"https:\/\/petitmagellan.files.wordpress.com\/2022\/04\/img_2204.jpg\" alt=\"\" class=\"wp-image-11801\" \/><\/figure>\n<\/figure>\n","protected":false},"excerpt":{"rendered":"<p>Et de 16 ! Chaque jour notre Armand affirme un peu plus son caract\u00e8re : il commence \u00e0 donner des petites tapes et montre clairement son m\u00e9contentement, surtout \u00e0 table o\u00f9 il jette quasiment tout par terre : nourriture, couverts&#8230; Il crie, tape la table avec ses mains et pousse aussi sa chaise en arri\u00e8re &hellip; <a href=\"https:\/\/petitmagellan.com\/?p=11741\" class=\"more-link\">Continuer la lecture<span class=\"screen-reader-text\"> de &laquo;&nbsp;Armand a 16 mois&nbsp;&raquo;<\/span><\/a><\/p>\n","protected":false},"author":1,"featured_media":0,"comment_status":"open","ping_status":"open","sticky":false,"template":"","format":"standard","meta":{"footnotes":""},"categories":[2],"tags":[],"class_list":["post-11741","post","type-post","status-publish","format-standard","hentry","category-non-classe"],"_links":{"self":[{"href":"https:\/\/petitmagellan.com\/index.php?rest_route=\/wp\/v2\/posts\/11741","targetHints":{"allow":["GET"]}}],"collection":[{"href":"https:\/\/petitmagellan.com\/index.php?rest_route=\/wp\/v2\/posts"}],"about":[{"href":"https:\/\/petitmagellan.com\/index.php?rest_route=\/wp\/v2\/types\/post"}],"author":[{"embeddable":true,"href":"https:\/\/petitmagellan.com\/index.php?rest_route=\/wp\/v2\/users\/1"}],"replies":[{"embeddable":true,"href":"https:\/\/petitmagellan.com\/index.php?rest_route=%2Fwp%2Fv2%2Fcomments&post=11741"}],"version-history":[{"count":0,"href":"https:\/\/petitmagellan.com\/index.php?rest_route=\/wp\/v2\/posts\/11741\/revisions"}],"wp:attachment":[{"href":"https:\/\/petitmagellan.com\/index.php?rest_route=%2Fwp%2Fv2%2Fmedia&parent=11741"}],"wp:term":[{"taxonomy":"category","embeddable":true,"href":"https:\/\/petitmagellan.com\/index.php?rest_route=%2Fwp%2Fv2%2Fcategories&post=11741"},{"taxonomy":"post_tag","embeddable":true,"href":"https:\/\/petitmagellan.com\/index.php?rest_route=%2Fwp%2Fv2%2Ftags&post=11741"}],"curies":[{"name":"wp","href":"https:\/\/api.w.org\/{rel}","templated":true}]}}