{"id":11162,"date":"2022-01-16T20:33:00","date_gmt":"2022-01-16T19:33:00","guid":{"rendered":"http:\/\/petitmagellan.com\/?p=11162"},"modified":"2022-01-16T20:33:00","modified_gmt":"2022-01-16T19:33:00","slug":"armand-a-13-mois","status":"publish","type":"post","link":"https:\/\/petitmagellan.com\/?p=11162","title":{"rendered":"Armand a 13 mois"},"content":{"rendered":"\n<p>Joyeux 13 mois \u00e0 notre petite douceur !<\/p>\n\n\n\n<figure class=\"wp-block-gallery has-nested-images columns-default is-cropped wp-block-gallery-1 is-layout-flex wp-block-gallery-is-layout-flex\">\n<figure class=\"wp-block-image\"><img decoding=\"async\" data-id=\"11319\" src=\"https:\/\/petitmagellan.files.wordpress.com\/2022\/01\/img_9513.jpg\" alt=\"\" class=\"wp-image-11319\" \/><\/figure>\n<\/figure>\n\n\n\n<p>\u00c0 pr\u00e9sent Armand marche bien (il traverse la moiti\u00e9 du salon), dort plut\u00f4t bien et aime de plus en plus jouer.<\/p>\n\n\n\n<p>Il adore notamment l\u2019aspirateur de Hugo ou faire des c\u00e2lins aux nounours\/coussins. En fait, il imite son fr\u00e8re !<\/p>\n\n\n\n<figure class=\"wp-block-gallery has-nested-images columns-2 is-cropped wp-block-gallery-2 is-layout-flex wp-block-gallery-is-layout-flex\">\n<figure class=\"wp-block-image\"><img decoding=\"async\" data-id=\"11268\" src=\"https:\/\/petitmagellan.files.wordpress.com\/2022\/01\/img_9069.jpg\" alt=\"\" class=\"wp-image-11268\" \/><\/figure>\n\n\n\n<figure class=\"wp-block-image\"><img decoding=\"async\" data-id=\"11264\" src=\"https:\/\/petitmagellan.files.wordpress.com\/2022\/01\/img_9067.jpg\" alt=\"\" class=\"wp-image-11264\" \/><\/figure>\n\n\n\n<figure class=\"wp-block-image\"><img decoding=\"async\" data-id=\"11271\" src=\"https:\/\/petitmagellan.files.wordpress.com\/2022\/01\/img_9175.jpg\" alt=\"\" class=\"wp-image-11271\" \/><\/figure>\n\n\n\n<figure class=\"wp-block-image\"><img decoding=\"async\" data-id=\"11310\" src=\"https:\/\/petitmagellan.files.wordpress.com\/2022\/01\/img_9478.jpg\" alt=\"\" class=\"wp-image-11310\" \/><\/figure>\n\n\n\n<figure class=\"wp-block-image size-large\"><img decoding=\"async\" data-id=\"11308\" src=\"https:\/\/petitmagellan.files.wordpress.com\/2022\/01\/image-7.jpg?w=1024\" alt=\"\" class=\"wp-image-11308\" \/><\/figure>\n<\/figure>\n\n\n\n<p>La difficult\u00e9 du moment ce sont les repas. Soit il ne veut plus rien manger apr\u00e8s quelques cuill\u00e8res, soit il mord la nappe, ou bien il met ses doigts dans la bouche ou dans le nez pendant qu\u2019il a la bouche pleine, et bouge bien s\u00fbr dans tous les sens&#8230; C\u2019est assez agit\u00e9.<\/p>\n\n\n\n<figure class=\"wp-block-gallery has-nested-images columns-2 is-cropped wp-block-gallery-3 is-layout-flex wp-block-gallery-is-layout-flex\">\n<figure class=\"wp-block-image size-large\"><img decoding=\"async\" data-id=\"11368\" src=\"https:\/\/petitmagellan.files.wordpress.com\/2022\/01\/image-1-5.jpg?w=769\" alt=\"\" class=\"wp-image-11368\" \/><\/figure>\n\n\n\n<figure class=\"wp-block-image size-large\"><img decoding=\"async\" data-id=\"11338\" src=\"https:\/\/petitmagellan.files.wordpress.com\/2022\/01\/image-2-1.jpg?w=769\" alt=\"\" class=\"wp-image-11338\" \/><\/figure>\n\n\n\n<figure class=\"wp-block-image\"><img decoding=\"async\" data-id=\"11240\" src=\"https:\/\/petitmagellan.files.wordpress.com\/2022\/01\/img_8829.jpg\" alt=\"\" class=\"wp-image-11240\" \/><\/figure>\n\n\n\n<figure class=\"wp-block-image\"><img decoding=\"async\" data-id=\"11295\" src=\"https:\/\/petitmagellan.files.wordpress.com\/2022\/01\/img_9390.jpg\" alt=\"\" class=\"wp-image-11295\" \/><\/figure>\n<\/figure>\n\n\n\n<p>En tout cas il aime toujours autant les bisous et les c\u00e2lins. Il pourrait rester des heures blotti contre nous sans bouger &lt;3<\/p>\n\n\n\n<figure class=\"wp-block-gallery has-nested-images columns-1 is-cropped wp-block-gallery-4 is-layout-flex wp-block-gallery-is-layout-flex\">\n<figure class=\"wp-block-image\"><img decoding=\"async\" data-id=\"10932\" src=\"https:\/\/petitmagellan.files.wordpress.com\/2021\/12\/img_8323.jpg\" alt=\"\" class=\"wp-image-10932\" \/><\/figure>\n\n\n\n<figure class=\"wp-block-image\"><img decoding=\"async\" data-id=\"11296\" src=\"https:\/\/petitmagellan.files.wordpress.com\/2022\/01\/img_9399.jpg\" alt=\"\" class=\"wp-image-11296\" \/><\/figure>\n<\/figure>\n\n\n\n<p>La palme d\u2019or du b\u00e9b\u00e9 c\u00e2lin !<\/p>\n","protected":false},"excerpt":{"rendered":"<p>Joyeux 13 mois \u00e0 notre petite douceur ! \u00c0 pr\u00e9sent Armand marche bien (il traverse la moiti\u00e9 du salon), dort plut\u00f4t bien et aime de plus en plus jouer. Il adore notamment l\u2019aspirateur de Hugo ou faire des c\u00e2lins aux nounours\/coussins. En fait, il imite son fr\u00e8re ! La difficult\u00e9 du moment ce sont les &hellip; <a href=\"https:\/\/petitmagellan.com\/?p=11162\" class=\"more-link\">Continuer la lecture<span class=\"screen-reader-text\"> de &laquo;&nbsp;Armand a 13 mois&nbsp;&raquo;<\/span><\/a><\/p>\n","protected":false},"author":1,"featured_media":0,"comment_status":"open","ping_status":"open","sticky":false,"template":"","format":"standard","meta":{"footnotes":""},"categories":[2],"tags":[],"class_list":["post-11162","post","type-post","status-publish","format-standard","hentry","category-non-classe"],"_links":{"self":[{"href":"https:\/\/petitmagellan.com\/index.php?rest_route=\/wp\/v2\/posts\/11162","targetHints":{"allow":["GET"]}}],"collection":[{"href":"https:\/\/petitmagellan.com\/index.php?rest_route=\/wp\/v2\/posts"}],"about":[{"href":"https:\/\/petitmagellan.com\/index.php?rest_route=\/wp\/v2\/types\/post"}],"author":[{"embeddable":true,"href":"https:\/\/petitmagellan.com\/index.php?rest_route=\/wp\/v2\/users\/1"}],"replies":[{"embeddable":true,"href":"https:\/\/petitmagellan.com\/index.php?rest_route=%2Fwp%2Fv2%2Fcomments&post=11162"}],"version-history":[{"count":0,"href":"https:\/\/petitmagellan.com\/index.php?rest_route=\/wp\/v2\/posts\/11162\/revisions"}],"wp:attachment":[{"href":"https:\/\/petitmagellan.com\/index.php?rest_route=%2Fwp%2Fv2%2Fmedia&parent=11162"}],"wp:term":[{"taxonomy":"category","embeddable":true,"href":"https:\/\/petitmagellan.com\/index.php?rest_route=%2Fwp%2Fv2%2Fcategories&post=11162"},{"taxonomy":"post_tag","embeddable":true,"href":"https:\/\/petitmagellan.com\/index.php?rest_route=%2Fwp%2Fv2%2Ftags&post=11162"}],"curies":[{"name":"wp","href":"https:\/\/api.w.org\/{rel}","templated":true}]}}