{"id":10540,"date":"2021-12-16T22:53:00","date_gmt":"2021-12-16T21:53:00","guid":{"rendered":"http:\/\/petitmagellan.com\/?p=10540"},"modified":"2021-12-16T22:53:00","modified_gmt":"2021-12-16T21:53:00","slug":"armand-a-1-an","status":"publish","type":"post","link":"https:\/\/petitmagellan.com\/?p=10540","title":{"rendered":"Armand a 1 an"},"content":{"rendered":"\n<figure class=\"wp-block-gallery has-nested-images columns-default is-cropped blocks-gallery-grid wp-block-gallery-1 is-layout-flex wp-block-gallery-is-layout-flex\">\n<figure class=\"wp-block-image size-large\"><img decoding=\"async\" data-id=\"11863\" src=\"https:\/\/petitmagellan.files.wordpress.com\/2022\/04\/dscf2982.jpg?w=1000\" alt=\"\" class=\"wp-image-11863\" \/><\/figure>\n<\/figure>\n\n\n\n<p>Joyeux anniversaire \u00e0 notre Armand d\u2019amour !!<\/p>\n\n\n\n<p>Un an d\u00e9j\u00e0 depuis ce moment&#8230;<\/p>\n\n\n\n<figure class=\"wp-block-gallery has-nested-images columns-default is-cropped blocks-gallery-grid wp-block-gallery-2 is-layout-flex wp-block-gallery-is-layout-flex\">\n<figure class=\"wp-block-image size-large\"><img decoding=\"async\" data-id=\"10538\" src=\"https:\/\/petitmagellan.files.wordpress.com\/2021\/11\/image-12.jpg?w=1024\" alt=\"Image gallery image\" class=\"wp-image-10538\" \/><\/figure>\n<\/figure>\n\n\n\n<p>Je n\u2019ai rien oubli\u00e9 de l\u2019arriv\u00e9e de ce deuxi\u00e8me petit b\u00e9b\u00e9 si diff\u00e9rent du premier, de ces deux jours uniques en t\u00eate-\u00e0-t\u00eate avec lui \u00e0 la maternit\u00e9, du retour chez nous et de sa rencontre avec Hugo.<\/p>\n\n\n\n<figure class=\"wp-block-gallery has-nested-images columns-1 is-cropped blocks-gallery-grid wp-block-gallery-3 is-layout-flex wp-block-gallery-is-layout-flex\">\n<figure class=\"wp-block-image size-large\"><img decoding=\"async\" data-id=\"10750\" src=\"https:\/\/petitmagellan.files.wordpress.com\/2021\/12\/img_3855.jpg?w=768\" alt=\"Image gallery image\" class=\"wp-image-10750\" \/><\/figure>\n\n\n\n<figure class=\"wp-block-image size-large\"><img decoding=\"async\" data-id=\"10749\" src=\"https:\/\/petitmagellan.files.wordpress.com\/2021\/12\/img_4047.jpg?w=1024\" alt=\"Image gallery image\" class=\"wp-image-10749\" \/><\/figure>\n\n\n\n<figure class=\"wp-block-image size-large\"><img decoding=\"async\" data-id=\"10748\" src=\"https:\/\/petitmagellan.files.wordpress.com\/2021\/12\/img_2264.jpg?w=768\" alt=\"Image gallery image\" class=\"wp-image-10748\" \/><\/figure>\n<\/figure>\n\n\n\n<p>Et de cette vie \u00e0 quatre qui a commenc\u00e9.<\/p>\n\n\n\n<figure class=\"wp-block-gallery has-nested-images columns-1 is-cropped blocks-gallery-grid wp-block-gallery-4 is-layout-flex wp-block-gallery-is-layout-flex\">\n<figure class=\"wp-block-image size-large\"><img decoding=\"async\" data-id=\"10763\" src=\"https:\/\/petitmagellan.files.wordpress.com\/2021\/12\/image-10.jpg?w=1024\" alt=\"Image gallery image\" class=\"wp-image-10763\" \/><\/figure>\n<\/figure>\n\n\n\n<p>Aujourd\u2019hui, m\u00eame si je le vois encore comme un b\u00e9b\u00e9, Armand a bien chang\u00e9. Il ne marche pas encore mais depuis une dizaine de jours il se l\u00e8ve tout seul depuis le sol, en ne s\u2019aidant de rien. Il tient longtemps debout et fl\u00e9chit les genoux ; on sent qu\u2019il h\u00e9site \u00e0 soulever le pied et que c\u2019est pour bient\u00f4t !<\/p>\n\n\n\n<figure class=\"wp-block-gallery has-nested-images columns-1 is-cropped blocks-gallery-grid wp-block-gallery-5 is-layout-flex wp-block-gallery-is-layout-flex\">\n<figure class=\"wp-block-image size-large\"><img decoding=\"async\" data-id=\"10772\" src=\"https:\/\/petitmagellan.files.wordpress.com\/2021\/12\/image-1-3.jpg?w=769\" alt=\"Image gallery image\" class=\"wp-image-10772\" \/><\/figure>\n<\/figure>\n\n\n\n<p>Il a 5 dents (voire 6 mais impossible de v\u00e9rifier, il ne nous laisse pas regarder), des cheveux qui poussent plus \u00e0 l\u2019arri\u00e8re de la t\u00eate qu\u2019au-dessus, et des yeux insaisissables haha. Ces derniers jours j\u2019aurais jur\u00e9 qu\u2019ils \u00e9taient devenus marron, et aujourd\u2019hui je les vois gris-noisette.<\/p>\n\n\n\n<figure class=\"wp-block-gallery has-nested-images columns-default is-cropped blocks-gallery-grid wp-block-gallery-6 is-layout-flex wp-block-gallery-is-layout-flex\">\n<figure class=\"wp-block-image size-large\"><img decoding=\"async\" data-id=\"10779\" src=\"https:\/\/petitmagellan.files.wordpress.com\/2021\/12\/image-2-3.jpg?w=769\" alt=\"Image gallery image\" class=\"wp-image-10779\" \/><\/figure>\n<\/figure>\n\n\n\n<p>\u00c0 12 mois, Armand ne fait pas ses nuits. Il se r\u00e9veille toujours deux fois en moyenne. Sinon, il est globalement tr\u00e8s tranquille. Il est tr\u00e8s souriant, expressif, c\u00e2lin et adore se blottir contre nous et ne plus bouger. Il parle son petit langage (mam-mam, tatata, kakaka, etc.), observe beaucoup son fr\u00e8re, adore faire\/recevoir des bisous et tout mettre \u00e0 la bouche.<\/p>\n\n\n\n<figure class=\"wp-block-gallery has-nested-images columns-default is-cropped blocks-gallery-grid wp-block-gallery-7 is-layout-flex wp-block-gallery-is-layout-flex\">\n<figure class=\"wp-block-image size-large\"><img decoding=\"async\" data-id=\"10774\" src=\"https:\/\/petitmagellan.files.wordpress.com\/2021\/12\/img_7424.jpg?w=768\" alt=\"Image gallery image\" class=\"wp-image-10774\" \/><\/figure>\n\n\n\n<figure class=\"wp-block-image size-large\"><img decoding=\"async\" data-id=\"10775\" src=\"https:\/\/petitmagellan.files.wordpress.com\/2021\/12\/img_7422.jpg?w=768\" alt=\"Image gallery image\" class=\"wp-image-10775\" \/><\/figure>\n<\/figure>\n\n\n\n<p>\u00c9videmment, tranquille ne veut pas dire muet ! Il sait donner de la voix et il en rajoute m\u00eame souvent un peu quand Hugo l\u2019emb\u00eate \ud83d\ude42<\/p>\n\n\n\n<figure class=\"wp-block-gallery has-nested-images columns-default is-cropped blocks-gallery-grid wp-block-gallery-8 is-layout-flex wp-block-gallery-is-layout-flex\">\n<figure class=\"wp-block-image size-large\"><img decoding=\"async\" data-id=\"10789\" src=\"https:\/\/petitmagellan.files.wordpress.com\/2021\/12\/image-4-3.jpg?w=1024\" alt=\"Image gallery image\" class=\"wp-image-10789\" \/><\/figure>\n<\/figure>\n\n\n\n<p>Et puis, comme beaucoup de b\u00e9b\u00e9s, il d\u00e9teste qu\u2019on le change, qu\u2019on l\u2019habille (il enl\u00e8ve toujours ses chaussettes et ses chaussures) et qu\u2019on lui nettoie le visage&#8230; les lavages de nez en haut du podium !<\/p>\n\n\n\n<figure class=\"wp-block-gallery has-nested-images columns-default is-cropped blocks-gallery-grid wp-block-gallery-9 is-layout-flex wp-block-gallery-is-layout-flex\">\n<figure class=\"wp-block-image size-large\"><img decoding=\"async\" data-id=\"10771\" src=\"https:\/\/petitmagellan.files.wordpress.com\/2021\/12\/img_8031.jpg?w=768\" alt=\"Image gallery image\" class=\"wp-image-10771\" \/><\/figure>\n<\/figure>\n\n\n\n<p>Cette p\u00e9riode de rhumes n\u2019est pas marrante mais, \u00e0 part \u00e7a (et les dents), notre b\u00e9b\u00e9 est en parfaite sant\u00e9 et c\u2019est bien le plus important.<\/p>\n\n\n\n<figure class=\"wp-block-gallery has-nested-images columns-1 is-cropped blocks-gallery-grid wp-block-gallery-10 is-layout-flex wp-block-gallery-is-layout-flex\">\n<figure class=\"wp-block-image size-large\"><img loading=\"lazy\" decoding=\"async\" width=\"2293\" height=\"1818\" data-id=\"10788\" src=\"https:\/\/petitmagellan.files.wordpress.com\/2021\/12\/image-3-3.jpg?w=1024\" alt=\"Image gallery image\" class=\"wp-image-10788\" srcset=\"https:\/\/petitmagellan.com\/wp-content\/uploads\/2021\/12\/image-3-3.jpg 2293w, https:\/\/petitmagellan.com\/wp-content\/uploads\/2021\/12\/image-3-3-300x238.jpg 300w, https:\/\/petitmagellan.com\/wp-content\/uploads\/2021\/12\/image-3-3-1024x812.jpg 1024w, https:\/\/petitmagellan.com\/wp-content\/uploads\/2021\/12\/image-3-3-768x609.jpg 768w, https:\/\/petitmagellan.com\/wp-content\/uploads\/2021\/12\/image-3-3-1536x1218.jpg 1536w, https:\/\/petitmagellan.com\/wp-content\/uploads\/2021\/12\/image-3-3-2048x1624.jpg 2048w\" sizes=\"auto, (max-width: 709px) 85vw, (max-width: 909px) 67vw, (max-width: 1362px) 62vw, 840px\" \/><\/figure>\n<\/figure>\n\n\n\n<p>Quel bonheur d\u2019\u00eatre avec ce petit amour au quotidien. On adore te voir grandir et on t\u2019aime \u00e0 la folie mon Armand &lt;3<\/p>\n\n\n\n<figure class=\"wp-block-gallery has-nested-images columns-default is-cropped blocks-gallery-grid wp-block-gallery-11 is-layout-flex wp-block-gallery-is-layout-flex\">\n<figure class=\"wp-block-image size-large\"><img decoding=\"async\" data-id=\"10792\" src=\"https:\/\/petitmagellan.files.wordpress.com\/2021\/12\/img_8253.jpg?w=768\" alt=\"Image gallery image\" class=\"wp-image-10792\" \/><\/figure>\n<\/figure>\n","protected":false},"excerpt":{"rendered":"<p>Joyeux anniversaire \u00e0 notre Armand d\u2019amour !! Un an d\u00e9j\u00e0 depuis ce moment&#8230; Je n\u2019ai rien oubli\u00e9 de l\u2019arriv\u00e9e de ce deuxi\u00e8me petit b\u00e9b\u00e9 si diff\u00e9rent du premier, de ces deux jours uniques en t\u00eate-\u00e0-t\u00eate avec lui \u00e0 la maternit\u00e9, du retour chez nous et de sa rencontre avec Hugo. Et de cette vie \u00e0 &hellip; <a href=\"https:\/\/petitmagellan.com\/?p=10540\" class=\"more-link\">Continuer la lecture<span class=\"screen-reader-text\"> de &laquo;&nbsp;Armand a 1 an&nbsp;&raquo;<\/span><\/a><\/p>\n","protected":false},"author":1,"featured_media":0,"comment_status":"open","ping_status":"open","sticky":false,"template":"","format":"standard","meta":{"footnotes":""},"categories":[2],"tags":[],"class_list":["post-10540","post","type-post","status-publish","format-standard","hentry","category-non-classe"],"_links":{"self":[{"href":"https:\/\/petitmagellan.com\/index.php?rest_route=\/wp\/v2\/posts\/10540","targetHints":{"allow":["GET"]}}],"collection":[{"href":"https:\/\/petitmagellan.com\/index.php?rest_route=\/wp\/v2\/posts"}],"about":[{"href":"https:\/\/petitmagellan.com\/index.php?rest_route=\/wp\/v2\/types\/post"}],"author":[{"embeddable":true,"href":"https:\/\/petitmagellan.com\/index.php?rest_route=\/wp\/v2\/users\/1"}],"replies":[{"embeddable":true,"href":"https:\/\/petitmagellan.com\/index.php?rest_route=%2Fwp%2Fv2%2Fcomments&post=10540"}],"version-history":[{"count":0,"href":"https:\/\/petitmagellan.com\/index.php?rest_route=\/wp\/v2\/posts\/10540\/revisions"}],"wp:attachment":[{"href":"https:\/\/petitmagellan.com\/index.php?rest_route=%2Fwp%2Fv2%2Fmedia&parent=10540"}],"wp:term":[{"taxonomy":"category","embeddable":true,"href":"https:\/\/petitmagellan.com\/index.php?rest_route=%2Fwp%2Fv2%2Fcategories&post=10540"},{"taxonomy":"post_tag","embeddable":true,"href":"https:\/\/petitmagellan.com\/index.php?rest_route=%2Fwp%2Fv2%2Ftags&post=10540"}],"curies":[{"name":"wp","href":"https:\/\/api.w.org\/{rel}","templated":true}]}}