{"id":10331,"date":"2021-11-10T22:39:00","date_gmt":"2021-11-10T21:39:00","guid":{"rendered":"http:\/\/petitmagellan.com\/?p=10331"},"modified":"2021-11-10T22:39:00","modified_gmt":"2021-11-10T21:39:00","slug":"hugo-a-deux-ans-et-demi","status":"publish","type":"post","link":"https:\/\/petitmagellan.com\/?p=10331","title":{"rendered":"Hugo a deux ans et demi"},"content":{"rendered":"\n<p>Dimanche Hugo a eu 2 ans et demi !<\/p>\n\n\n\n<figure class=\"wp-block-gallery columns-1 wp-block-gallery-1 is-layout-flex wp-block-gallery-is-layout-flex\"><ul class=\"blocks-gallery-grid\"><li class=\"blocks-gallery-item\"><figure><img decoding=\"async\" src=\"https:\/\/petitmagellan.files.wordpress.com\/2021\/11\/img_6551.jpg\" data-id=\"10340\" class=\"wp-image-10340\" \/><\/figure><\/li><\/ul><\/figure>\n\n\n\n<p>Notre petit gar\u00e7on comprend de plus en plus de choses, parle de mieux en mieux, \u00e9corche beaucoup moins les mots, s\u2019int\u00e9resse aux activit\u00e9s des grands&#8230; bref, il grandit. Bien s\u00fbr, il est toujours en plein dans sa phase compliqu\u00e9e des deux ans. Au quotidien, il y a pas mal de col\u00e8res, de pleurs, de roulades par terre, d\u2019opposition pour tout et pour rien. La moindre contrari\u00e9t\u00e9 est v\u00e9cue comme un drame et, chaque jour, on a droit aux m\u00eames r\u00e9ponses : \u00ab non \u00bb, \u00ab pas bisou \u00bb, \u00ab pas bonjour \u00bb, \u00ab pas c\u00e2lin \u00bb, \u00ab pas toucher \u00bb, \u00ab pas manger \u00bb, \u00ab pas dodo \u00bb. Au moins c\u2019est coh\u00e9rent haha. Il faut s\u2019armer de patience !<\/p>\n\n\n\n<figure class=\"wp-block-gallery columns-1 wp-block-gallery-2 is-layout-flex wp-block-gallery-is-layout-flex\"><ul class=\"blocks-gallery-grid\"><li class=\"blocks-gallery-item\"><figure><img decoding=\"async\" src=\"https:\/\/petitmagellan.files.wordpress.com\/2021\/11\/image-3.jpg\" data-id=\"10360\" class=\"wp-image-10360\" \/><\/figure><\/li><\/ul><\/figure>\n\n\n\n<p>Hugo est toujours tr\u00e8s affectueux avec les autres enfants mais il s\u2019affirme aussi plus qu\u2019avant et pousse voire tape parfois&#8230; Et depuis septembre il a aussi mordu \u00e0 deux reprises&#8230; inutile de dire que je ne savais plus o\u00f9 me mettre. Mais j\u2019ai appris \u00e0 moins m\u2019en faire. Il n\u2019y a pas si longtemps j\u2019aurais \u00e9t\u00e9 compl\u00e8tement catastroph\u00e9e alors que je sais maintenant que \u00e7a arrive souvent chez les enfants et que c\u2019est passager. Terriblement g\u00eanant mais passager !<\/p>\n\n\n\n<p>\u00c0 c\u00f4t\u00e9 de \u00e7a, il reste un amour. Il adore les v\u00e9los, trottinettes, motos, bus, tracteurs, camions, avions&#8230;. (il est tellement observateur et n\u2019en loupe jamais un dans le ciel : \u00ab maman, ayouille ! \u00bb). Sans oublier les man\u00e8ges, toboggans, trampolines et autres ch\u00e2teaux gonflables. Et les cailloux bien s\u00fbr.<\/p>\n\n\n\n<figure class=\"wp-block-gallery columns-1 wp-block-gallery-3 is-layout-flex wp-block-gallery-is-layout-flex\"><ul class=\"blocks-gallery-grid\"><li class=\"blocks-gallery-item\"><figure><img decoding=\"async\" src=\"https:\/\/petitmagellan.files.wordpress.com\/2021\/11\/img_6369.jpg\" data-id=\"10338\" class=\"wp-image-10338\" \/><\/figure><\/li><li class=\"blocks-gallery-item\"><figure><img decoding=\"async\" src=\"https:\/\/petitmagellan.files.wordpress.com\/2021\/11\/img_6825.jpg\" data-id=\"10343\" class=\"wp-image-10343\" \/><\/figure><\/li><li class=\"blocks-gallery-item\"><figure><img decoding=\"async\" src=\"https:\/\/petitmagellan.files.wordpress.com\/2021\/11\/image-1-1.jpg\" data-id=\"10362\" class=\"wp-image-10362\" \/><\/figure><\/li><\/ul><\/figure>\n\n\n\n<p>Il fait toujours le petit pitre, aime danser, \u00e9couter de la musique sur sa radio, jouer au ballon, lire ses livres, se cacher ou encore faire semblant de passer des coups de t\u00e9l\u00e9phone (on adore son \u00ab al\u00f4 bonyour \u00bb). Il aime aussi beaucoup regarder des vid\u00e9os de lui-m\u00eame \ud83d\ude42<\/p>\n\n\n\n<figure class=\"wp-block-gallery columns-1 wp-block-gallery-4 is-layout-flex wp-block-gallery-is-layout-flex\"><ul class=\"blocks-gallery-grid\"><li class=\"blocks-gallery-item\"><figure><img decoding=\"async\" src=\"https:\/\/petitmagellan.files.wordpress.com\/2021\/11\/img_6880.jpg\" data-id=\"10341\" class=\"wp-image-10341\" \/><\/figure><\/li><\/ul><\/figure>\n\n\n\n<figure class=\"wp-block-gallery columns-1 wp-block-gallery-5 is-layout-flex wp-block-gallery-is-layout-flex\"><ul class=\"blocks-gallery-grid\"><li class=\"blocks-gallery-item\"><figure><img decoding=\"async\" src=\"https:\/\/petitmagellan.files.wordpress.com\/2021\/11\/img_6731.jpg\" data-id=\"10336\" class=\"wp-image-10336\" \/><\/figure><\/li><li class=\"blocks-gallery-item\"><figure><img decoding=\"async\" src=\"https:\/\/petitmagellan.files.wordpress.com\/2021\/11\/image-2.jpg\" data-id=\"10348\" class=\"wp-image-10348\" \/><\/figure><\/li><\/ul><\/figure>\n\n\n\n<p>Et il adore son petit fr\u00e8re. Il se pr\u00e9cipite dans la chambre \u00e0 la seconde o\u00f9 Armand se r\u00e9veille d\u2019une sieste, passe son temps \u00e0 dire \u00ab biyou Aman \u00bb, rigole avec lui, veut toujours savoir o\u00f9 il est, s\u2019assure qu\u2019il mange bien (\u00ab bois Aman \u00bb)&#8230; c\u2019est adorable.<\/p>\n\n\n\n<figure class=\"wp-block-gallery columns-1 wp-block-gallery-6 is-layout-flex wp-block-gallery-is-layout-flex\"><ul class=\"blocks-gallery-grid\"><li class=\"blocks-gallery-item\"><figure><img decoding=\"async\" src=\"https:\/\/petitmagellan.files.wordpress.com\/2021\/11\/img_6668.jpg\" data-id=\"10359\" class=\"wp-image-10359\" \/><\/figure><\/li><\/ul><\/figure>\n\n\n\n<p>Un vrai tourbillon d\u2019\u00e9motions la vie avec notre Hugo &lt;3<\/p>\n","protected":false},"excerpt":{"rendered":"<p>Dimanche Hugo a eu 2 ans et demi ! Notre petit gar\u00e7on comprend de plus en plus de choses, parle de mieux en mieux, \u00e9corche beaucoup moins les mots, s\u2019int\u00e9resse aux activit\u00e9s des grands&#8230; bref, il grandit. Bien s\u00fbr, il est toujours en plein dans sa phase compliqu\u00e9e des deux ans. Au quotidien, il y &hellip; <a href=\"https:\/\/petitmagellan.com\/?p=10331\" class=\"more-link\">Continuer la lecture<span class=\"screen-reader-text\"> de &laquo;&nbsp;Hugo a deux ans et demi&nbsp;&raquo;<\/span><\/a><\/p>\n","protected":false},"author":1,"featured_media":0,"comment_status":"open","ping_status":"open","sticky":false,"template":"","format":"standard","meta":{"footnotes":""},"categories":[2],"tags":[],"class_list":["post-10331","post","type-post","status-publish","format-standard","hentry","category-non-classe"],"_links":{"self":[{"href":"https:\/\/petitmagellan.com\/index.php?rest_route=\/wp\/v2\/posts\/10331","targetHints":{"allow":["GET"]}}],"collection":[{"href":"https:\/\/petitmagellan.com\/index.php?rest_route=\/wp\/v2\/posts"}],"about":[{"href":"https:\/\/petitmagellan.com\/index.php?rest_route=\/wp\/v2\/types\/post"}],"author":[{"embeddable":true,"href":"https:\/\/petitmagellan.com\/index.php?rest_route=\/wp\/v2\/users\/1"}],"replies":[{"embeddable":true,"href":"https:\/\/petitmagellan.com\/index.php?rest_route=%2Fwp%2Fv2%2Fcomments&post=10331"}],"version-history":[{"count":0,"href":"https:\/\/petitmagellan.com\/index.php?rest_route=\/wp\/v2\/posts\/10331\/revisions"}],"wp:attachment":[{"href":"https:\/\/petitmagellan.com\/index.php?rest_route=%2Fwp%2Fv2%2Fmedia&parent=10331"}],"wp:term":[{"taxonomy":"category","embeddable":true,"href":"https:\/\/petitmagellan.com\/index.php?rest_route=%2Fwp%2Fv2%2Fcategories&post=10331"},{"taxonomy":"post_tag","embeddable":true,"href":"https:\/\/petitmagellan.com\/index.php?rest_route=%2Fwp%2Fv2%2Ftags&post=10331"}],"curies":[{"name":"wp","href":"https:\/\/api.w.org\/{rel}","templated":true}]}}